{"id":1838,"date":"2024-09-03T15:05:30","date_gmt":"2024-09-03T13:05:30","guid":{"rendered":"https:\/\/patinoarulmures.ro\/?p=1838"},"modified":"2024-10-17T11:21:05","modified_gmt":"2024-10-17T09:21:05","slug":"a-jeg-mindenek-elott","status":"publish","type":"post","link":"https:\/\/patinoarulmures.ro\/hu\/a-jeg-mindenek-elott\/","title":{"rendered":"A j\u00e9g mindenek el\u0151tt"},"content":{"rendered":"\n<p><\/p>\n\n\n\n<p>Iskola kezd\u00e9s el\u0151tt egy h\u00e9ttel a marosv\u00e1s\u00e1rhelyi j\u00e9gkorong csapat edz\u0151t\u00e1bort szervez a cs\u00edkkarcfalvi Sz\u00e9kelyf\u00f6ldi J\u00e9gkorong Akad\u00e9mia k\u00f6zpontj\u00e1ban.<\/p>\n\n\n\n<p>Most m\u00e1r hagyom\u00e1nny\u00e1 v\u00e1lt, hogy a fiatal hokisok, ezzel a t\u00e1borral k\u00e9sz\u00fclnek az \u00faj szezonra.<\/p>\n\n\n\n<p>A felk\u00e9sz\u00fcl\u00e9shez minden k\u00f6r\u00fclm\u00e9ny adott, a csapat napi k\u00e9t jeges \u00e9s k\u00e9t sz\u00e1raz edz\u00e9sen vesz r\u00e9szt, <strong><em>Niciu Nadina, V\u00e1k\u00e1r Lajos, Madaras L\u00e1szl\u00f3 \u00e9s Kui Csaba<\/em><\/strong> edz\u0151k ir\u00e1ny\u00edt\u00e1s\u00e1ban.<\/p>\n\n\n\n<p>&nbsp;&nbsp;&nbsp;&nbsp; A t\u00e1borban \u00f6sszesen 60 gyerek vesz r\u00e9szt, akik boldogan v\u00e1rt\u00e1k, hogy \u00fajra tal\u00e1lkozzanak a j\u00e9g fel\u00fclet\u00e9vel.<\/p>\n\n\n\n<p>T\u00fcrelmetlen\u00fcl, de ugyanakkor meg\u00e9rt\u00e9ssel v\u00e1rj\u00e1k, hogy Marosv\u00e1s\u00e1rhelyen is beinduljon a j\u00e9gpalya, de addig is kem\u00e9nyen edzenek, hogy az \u00faj id\u00e9nyre legyenek min\u00e9l jobban felk\u00e9sz\u00fclve, hogy megalapozz\u00e1k a j\u00f3 teljes\u00edtm\u00e9nyt.<\/p>\n\n\n\n<p>Az \u00faj id\u00e9nyre a <strong><a href=\"https:\/\/communitas.ro\/\">Communitas Alap\u00edtv\u00e1ny<\/a><\/strong> t\u00e1mogat\u00e1s\u00e1val siker\u00fclt kieg\u00e9sz\u00edten\u00fcnk a felszerel\u00e9s\u00fcnket.<\/p>\n\n\n\n<figure class=\"wp-block-image size-large\"><img decoding=\"async\" width=\"1024\" height=\"681\" data-src=\"https:\/\/patinoarulmures.ro\/wp-content\/uploads\/2024\/09\/U11_A_OK-099-1024x681.jpg\" alt=\"\" class=\"wp-image-1920 lazyload\" data-srcset=\"https:\/\/patinoarulmures.ro\/wp-content\/uploads\/2024\/09\/U11_A_OK-099-1024x681.jpg 1024w, https:\/\/patinoarulmures.ro\/wp-content\/uploads\/2024\/09\/U11_A_OK-099-300x199.jpg 300w, https:\/\/patinoarulmures.ro\/wp-content\/uploads\/2024\/09\/U11_A_OK-099-768x511.jpg 768w, https:\/\/patinoarulmures.ro\/wp-content\/uploads\/2024\/09\/U11_A_OK-099-1536x1021.jpg 1536w, https:\/\/patinoarulmures.ro\/wp-content\/uploads\/2024\/09\/U11_A_OK-099-2048x1362.jpg 2048w, https:\/\/patinoarulmures.ro\/wp-content\/uploads\/2024\/09\/U11_A_OK-099-370x246.jpg 370w, https:\/\/patinoarulmures.ro\/wp-content\/uploads\/2024\/09\/U11_A_OK-099-760x505.jpg 760w\" data-sizes=\"(max-width: 1024px) 100vw, 1024px\" src=\"data:image\/svg+xml;base64,PHN2ZyB3aWR0aD0iMSIgaGVpZ2h0PSIxIiB4bWxucz0iaHR0cDovL3d3dy53My5vcmcvMjAwMC9zdmciPjwvc3ZnPg==\" style=\"--smush-placeholder-width: 1024px; --smush-placeholder-aspect-ratio: 1024\/681;\" \/><\/figure>\n\n\n\n<p>K\u00f6sz\u00f6nj\u00fck!<\/p>\n\n\n\n<p>Hajr\u00e1 fi\u00fak, hajr\u00e1 l\u00e1nyok!<\/p>\n\n\n\n<p><strong>HAJR\u00c1 SZJA MAROS!<\/strong><\/p>\n","protected":false},"excerpt":{"rendered":"<p>Iskola kezd\u00e9s el\u0151tt egy h\u00e9ttel a marosv\u00e1s\u00e1rhelyi j\u00e9gkorong csapat edz\u0151t\u00e1bort szervez a cs\u00edkkarcfalvi Sz\u00e9kelyf\u00f6ldi J\u00e9gkorong Akad\u00e9mia k\u00f6zpontj\u00e1ban. Most m\u00e1r hagyom\u00e1nny\u00e1 v\u00e1lt, hogy a fiatal hokisok, ezzel a t\u00e1borral k\u00e9sz\u00fclnek az \u00faj szezonra. A felk\u00e9sz\u00fcl\u00e9shez minden k\u00f6r\u00fclm\u00e9ny adott, a csapat napi k\u00e9t jeges \u00e9s k\u00e9t sz\u00e1raz edz\u00e9sen vesz r\u00e9szt, Niciu Nadina, V\u00e1k\u00e1r Lajos, Madaras L\u00e1szl\u00f3 \u00e9s Kui Csaba edz\u0151k ir\u00e1ny\u00edt\u00e1s\u00e1ban. &nbsp;&nbsp;&nbsp;&nbsp;&hellip;<\/p>\n","protected":false},"author":2,"featured_media":1834,"comment_status":"closed","ping_status":"open","sticky":false,"template":"","format":"standard","meta":{"_monsterinsights_skip_tracking":false,"_monsterinsights_sitenote_active":false,"_monsterinsights_sitenote_note":"","_monsterinsights_sitenote_category":0,"footnotes":""},"categories":[15],"tags":[],"class_list":["post-1838","post","type-post","status-publish","format-standard","has-post-thumbnail","hentry","category-hirek"],"yoast_head":"<!-- This site is optimized with the Yoast SEO plugin v27.4 - https:\/\/yoast.com\/product\/yoast-seo-wordpress\/ -->\n<title>A j\u00e9g mindenek el\u0151tt - Maros M\u0171j\u00e9gp\u00e1lya<\/title>\n<meta name=\"robots\" content=\"index, follow, max-snippet:-1, max-image-preview:large, max-video-preview:-1\" \/>\n<link rel=\"canonical\" href=\"https:\/\/patinoarulmures.ro\/hu\/a-jeg-mindenek-elott\/\" \/>\n<meta property=\"og:locale\" content=\"hu_HU\" \/>\n<meta property=\"og:type\" content=\"article\" \/>\n<meta property=\"og:title\" content=\"A j\u00e9g mindenek el\u0151tt - Maros M\u0171j\u00e9gp\u00e1lya\" \/>\n<meta property=\"og:description\" content=\"Iskola kezd\u00e9s el\u0151tt egy h\u00e9ttel a marosv\u00e1s\u00e1rhelyi j\u00e9gkorong csapat edz\u0151t\u00e1bort szervez a cs\u00edkkarcfalvi Sz\u00e9kelyf\u00f6ldi J\u00e9gkorong Akad\u00e9mia k\u00f6zpontj\u00e1ban. Most m\u00e1r hagyom\u00e1nny\u00e1 v\u00e1lt, hogy a fiatal hokisok, ezzel a t\u00e1borral k\u00e9sz\u00fclnek az \u00faj szezonra. A felk\u00e9sz\u00fcl\u00e9shez minden k\u00f6r\u00fclm\u00e9ny adott, a csapat napi k\u00e9t jeges \u00e9s k\u00e9t sz\u00e1raz edz\u00e9sen vesz r\u00e9szt, Niciu Nadina, V\u00e1k\u00e1r Lajos, Madaras L\u00e1szl\u00f3 \u00e9s Kui Csaba edz\u0151k ir\u00e1ny\u00edt\u00e1s\u00e1ban. &nbsp;&nbsp;&nbsp;&nbsp;&hellip;\" \/>\n<meta property=\"og:url\" content=\"https:\/\/patinoarulmures.ro\/hu\/a-jeg-mindenek-elott\/\" \/>\n<meta property=\"og:site_name\" content=\"Maros M\u0171j\u00e9gp\u00e1lya\" \/>\n<meta property=\"article:publisher\" content=\"https:\/\/www.facebook.com\/szjamaros\" \/>\n<meta property=\"article:published_time\" content=\"2024-09-03T13:05:30+00:00\" \/>\n<meta property=\"article:modified_time\" content=\"2024-10-17T09:21:05+00:00\" \/>\n<meta property=\"og:image\" content=\"https:\/\/patinoarulmures.ro\/wp-content\/uploads\/2024\/09\/IMG-20240903-WA0013.jpg\" \/>\n\t<meta property=\"og:image:width\" content=\"1600\" \/>\n\t<meta property=\"og:image:height\" content=\"1200\" \/>\n\t<meta property=\"og:image:type\" content=\"image\/jpeg\" \/>\n<meta name=\"author\" content=\"K\u00e1d\u00e1r Zolt\u00e1n\" \/>\n<meta name=\"twitter:card\" content=\"summary_large_image\" \/>\n<meta name=\"twitter:label1\" content=\"Szerz\u0151:\" \/>\n\t<meta name=\"twitter:data1\" content=\"K\u00e1d\u00e1r Zolt\u00e1n\" \/>\n\t<meta name=\"twitter:label2\" content=\"Becs\u00fclt olvas\u00e1si id\u0151\" \/>\n\t<meta name=\"twitter:data2\" content=\"1 perc\" \/>\n<script type=\"application\/ld+json\" class=\"yoast-schema-graph\">{\"@context\":\"https:\\\/\\\/schema.org\",\"@graph\":[{\"@type\":\"Article\",\"@id\":\"https:\\\/\\\/patinoarulmures.ro\\\/hu\\\/a-jeg-mindenek-elott\\\/#article\",\"isPartOf\":{\"@id\":\"https:\\\/\\\/patinoarulmures.ro\\\/hu\\\/a-jeg-mindenek-elott\\\/\"},\"author\":{\"name\":\"K\u00e1d\u00e1r Zolt\u00e1n\",\"@id\":\"https:\\\/\\\/patinoarulmures.ro\\\/hu\\\/#\\\/schema\\\/person\\\/1993bf379397fcdf86ce389a0a515b37\"},\"headline\":\"A j\u00e9g mindenek el\u0151tt\",\"datePublished\":\"2024-09-03T13:05:30+00:00\",\"dateModified\":\"2024-10-17T09:21:05+00:00\",\"mainEntityOfPage\":{\"@id\":\"https:\\\/\\\/patinoarulmures.ro\\\/hu\\\/a-jeg-mindenek-elott\\\/\"},\"wordCount\":214,\"image\":{\"@id\":\"https:\\\/\\\/patinoarulmures.ro\\\/hu\\\/a-jeg-mindenek-elott\\\/#primaryimage\"},\"thumbnailUrl\":\"https:\\\/\\\/patinoarulmures.ro\\\/wp-content\\\/uploads\\\/2024\\\/09\\\/IMG-20240903-WA0013.jpg\",\"articleSection\":[\"H\u00edrek\"],\"inLanguage\":\"hu\"},{\"@type\":\"WebPage\",\"@id\":\"https:\\\/\\\/patinoarulmures.ro\\\/hu\\\/a-jeg-mindenek-elott\\\/\",\"url\":\"https:\\\/\\\/patinoarulmures.ro\\\/hu\\\/a-jeg-mindenek-elott\\\/\",\"name\":\"A j\u00e9g mindenek el\u0151tt - Maros M\u0171j\u00e9gp\u00e1lya\",\"isPartOf\":{\"@id\":\"https:\\\/\\\/patinoarulmures.ro\\\/hu\\\/#website\"},\"primaryImageOfPage\":{\"@id\":\"https:\\\/\\\/patinoarulmures.ro\\\/hu\\\/a-jeg-mindenek-elott\\\/#primaryimage\"},\"image\":{\"@id\":\"https:\\\/\\\/patinoarulmures.ro\\\/hu\\\/a-jeg-mindenek-elott\\\/#primaryimage\"},\"thumbnailUrl\":\"https:\\\/\\\/patinoarulmures.ro\\\/wp-content\\\/uploads\\\/2024\\\/09\\\/IMG-20240903-WA0013.jpg\",\"datePublished\":\"2024-09-03T13:05:30+00:00\",\"dateModified\":\"2024-10-17T09:21:05+00:00\",\"author\":{\"@id\":\"https:\\\/\\\/patinoarulmures.ro\\\/hu\\\/#\\\/schema\\\/person\\\/1993bf379397fcdf86ce389a0a515b37\"},\"breadcrumb\":{\"@id\":\"https:\\\/\\\/patinoarulmures.ro\\\/hu\\\/a-jeg-mindenek-elott\\\/#breadcrumb\"},\"inLanguage\":\"hu\",\"potentialAction\":[{\"@type\":\"ReadAction\",\"target\":[\"https:\\\/\\\/patinoarulmures.ro\\\/hu\\\/a-jeg-mindenek-elott\\\/\"]}]},{\"@type\":\"ImageObject\",\"inLanguage\":\"hu\",\"@id\":\"https:\\\/\\\/patinoarulmures.ro\\\/hu\\\/a-jeg-mindenek-elott\\\/#primaryimage\",\"url\":\"https:\\\/\\\/patinoarulmures.ro\\\/wp-content\\\/uploads\\\/2024\\\/09\\\/IMG-20240903-WA0013.jpg\",\"contentUrl\":\"https:\\\/\\\/patinoarulmures.ro\\\/wp-content\\\/uploads\\\/2024\\\/09\\\/IMG-20240903-WA0013.jpg\",\"width\":1600,\"height\":1200},{\"@type\":\"BreadcrumbList\",\"@id\":\"https:\\\/\\\/patinoarulmures.ro\\\/hu\\\/a-jeg-mindenek-elott\\\/#breadcrumb\",\"itemListElement\":[{\"@type\":\"ListItem\",\"position\":1,\"name\":\"Prima pagin\u0103\",\"item\":\"https:\\\/\\\/patinoarulmures.ro\\\/hu\\\/\"},{\"@type\":\"ListItem\",\"position\":2,\"name\":\"A j\u00e9g mindenek el\u0151tt\"}]},{\"@type\":\"WebSite\",\"@id\":\"https:\\\/\\\/patinoarulmures.ro\\\/hu\\\/#website\",\"url\":\"https:\\\/\\\/patinoarulmures.ro\\\/hu\\\/\",\"name\":\"Maros M\u0171j\u00e9gp\u00e1lya\",\"description\":\"Patinoarul Mure\u0219 | Maros m\u0171j\u00e9gp\u00e1lya\",\"potentialAction\":[{\"@type\":\"SearchAction\",\"target\":{\"@type\":\"EntryPoint\",\"urlTemplate\":\"https:\\\/\\\/patinoarulmures.ro\\\/hu\\\/?s={search_term_string}\"},\"query-input\":{\"@type\":\"PropertyValueSpecification\",\"valueRequired\":true,\"valueName\":\"search_term_string\"}}],\"inLanguage\":\"hu\"},{\"@type\":\"Person\",\"@id\":\"https:\\\/\\\/patinoarulmures.ro\\\/hu\\\/#\\\/schema\\\/person\\\/1993bf379397fcdf86ce389a0a515b37\",\"name\":\"K\u00e1d\u00e1r Zolt\u00e1n\",\"image\":{\"@type\":\"ImageObject\",\"inLanguage\":\"hu\",\"@id\":\"https:\\\/\\\/secure.gravatar.com\\\/avatar\\\/ea350905cf95ab02691142855e6624a5dfd9c10b9bfcd5ac868d9255ba888831?s=96&d=mm&r=g\",\"url\":\"https:\\\/\\\/secure.gravatar.com\\\/avatar\\\/ea350905cf95ab02691142855e6624a5dfd9c10b9bfcd5ac868d9255ba888831?s=96&d=mm&r=g\",\"contentUrl\":\"https:\\\/\\\/secure.gravatar.com\\\/avatar\\\/ea350905cf95ab02691142855e6624a5dfd9c10b9bfcd5ac868d9255ba888831?s=96&d=mm&r=g\",\"caption\":\"K\u00e1d\u00e1r Zolt\u00e1n\"},\"sameAs\":[\"http:\\\/\\\/zkadar\"],\"url\":\"https:\\\/\\\/patinoarulmures.ro\\\/hu\\\/author\\\/zkadar\\\/\"}]}<\/script>\n<!-- \/ Yoast SEO plugin. -->","yoast_head_json":{"title":"A j\u00e9g mindenek el\u0151tt - Maros M\u0171j\u00e9gp\u00e1lya","robots":{"index":"index","follow":"follow","max-snippet":"max-snippet:-1","max-image-preview":"max-image-preview:large","max-video-preview":"max-video-preview:-1"},"canonical":"https:\/\/patinoarulmures.ro\/hu\/a-jeg-mindenek-elott\/","og_locale":"hu_HU","og_type":"article","og_title":"A j\u00e9g mindenek el\u0151tt - Maros M\u0171j\u00e9gp\u00e1lya","og_description":"Iskola kezd\u00e9s el\u0151tt egy h\u00e9ttel a marosv\u00e1s\u00e1rhelyi j\u00e9gkorong csapat edz\u0151t\u00e1bort szervez a cs\u00edkkarcfalvi Sz\u00e9kelyf\u00f6ldi J\u00e9gkorong Akad\u00e9mia k\u00f6zpontj\u00e1ban. Most m\u00e1r hagyom\u00e1nny\u00e1 v\u00e1lt, hogy a fiatal hokisok, ezzel a t\u00e1borral k\u00e9sz\u00fclnek az \u00faj szezonra. A felk\u00e9sz\u00fcl\u00e9shez minden k\u00f6r\u00fclm\u00e9ny adott, a csapat napi k\u00e9t jeges \u00e9s k\u00e9t sz\u00e1raz edz\u00e9sen vesz r\u00e9szt, Niciu Nadina, V\u00e1k\u00e1r Lajos, Madaras L\u00e1szl\u00f3 \u00e9s Kui Csaba edz\u0151k ir\u00e1ny\u00edt\u00e1s\u00e1ban. &nbsp;&nbsp;&nbsp;&nbsp;&hellip;","og_url":"https:\/\/patinoarulmures.ro\/hu\/a-jeg-mindenek-elott\/","og_site_name":"Maros M\u0171j\u00e9gp\u00e1lya","article_publisher":"https:\/\/www.facebook.com\/szjamaros","article_published_time":"2024-09-03T13:05:30+00:00","article_modified_time":"2024-10-17T09:21:05+00:00","og_image":[{"width":1600,"height":1200,"url":"https:\/\/patinoarulmures.ro\/wp-content\/uploads\/2024\/09\/IMG-20240903-WA0013.jpg","type":"image\/jpeg"}],"author":"K\u00e1d\u00e1r Zolt\u00e1n","twitter_card":"summary_large_image","twitter_misc":{"Szerz\u0151:":"K\u00e1d\u00e1r Zolt\u00e1n","Becs\u00fclt olvas\u00e1si id\u0151":"1 perc"},"schema":{"@context":"https:\/\/schema.org","@graph":[{"@type":"Article","@id":"https:\/\/patinoarulmures.ro\/hu\/a-jeg-mindenek-elott\/#article","isPartOf":{"@id":"https:\/\/patinoarulmures.ro\/hu\/a-jeg-mindenek-elott\/"},"author":{"name":"K\u00e1d\u00e1r Zolt\u00e1n","@id":"https:\/\/patinoarulmures.ro\/hu\/#\/schema\/person\/1993bf379397fcdf86ce389a0a515b37"},"headline":"A j\u00e9g mindenek el\u0151tt","datePublished":"2024-09-03T13:05:30+00:00","dateModified":"2024-10-17T09:21:05+00:00","mainEntityOfPage":{"@id":"https:\/\/patinoarulmures.ro\/hu\/a-jeg-mindenek-elott\/"},"wordCount":214,"image":{"@id":"https:\/\/patinoarulmures.ro\/hu\/a-jeg-mindenek-elott\/#primaryimage"},"thumbnailUrl":"https:\/\/patinoarulmures.ro\/wp-content\/uploads\/2024\/09\/IMG-20240903-WA0013.jpg","articleSection":["H\u00edrek"],"inLanguage":"hu"},{"@type":"WebPage","@id":"https:\/\/patinoarulmures.ro\/hu\/a-jeg-mindenek-elott\/","url":"https:\/\/patinoarulmures.ro\/hu\/a-jeg-mindenek-elott\/","name":"A j\u00e9g mindenek el\u0151tt - Maros M\u0171j\u00e9gp\u00e1lya","isPartOf":{"@id":"https:\/\/patinoarulmures.ro\/hu\/#website"},"primaryImageOfPage":{"@id":"https:\/\/patinoarulmures.ro\/hu\/a-jeg-mindenek-elott\/#primaryimage"},"image":{"@id":"https:\/\/patinoarulmures.ro\/hu\/a-jeg-mindenek-elott\/#primaryimage"},"thumbnailUrl":"https:\/\/patinoarulmures.ro\/wp-content\/uploads\/2024\/09\/IMG-20240903-WA0013.jpg","datePublished":"2024-09-03T13:05:30+00:00","dateModified":"2024-10-17T09:21:05+00:00","author":{"@id":"https:\/\/patinoarulmures.ro\/hu\/#\/schema\/person\/1993bf379397fcdf86ce389a0a515b37"},"breadcrumb":{"@id":"https:\/\/patinoarulmures.ro\/hu\/a-jeg-mindenek-elott\/#breadcrumb"},"inLanguage":"hu","potentialAction":[{"@type":"ReadAction","target":["https:\/\/patinoarulmures.ro\/hu\/a-jeg-mindenek-elott\/"]}]},{"@type":"ImageObject","inLanguage":"hu","@id":"https:\/\/patinoarulmures.ro\/hu\/a-jeg-mindenek-elott\/#primaryimage","url":"https:\/\/patinoarulmures.ro\/wp-content\/uploads\/2024\/09\/IMG-20240903-WA0013.jpg","contentUrl":"https:\/\/patinoarulmures.ro\/wp-content\/uploads\/2024\/09\/IMG-20240903-WA0013.jpg","width":1600,"height":1200},{"@type":"BreadcrumbList","@id":"https:\/\/patinoarulmures.ro\/hu\/a-jeg-mindenek-elott\/#breadcrumb","itemListElement":[{"@type":"ListItem","position":1,"name":"Prima pagin\u0103","item":"https:\/\/patinoarulmures.ro\/hu\/"},{"@type":"ListItem","position":2,"name":"A j\u00e9g mindenek el\u0151tt"}]},{"@type":"WebSite","@id":"https:\/\/patinoarulmures.ro\/hu\/#website","url":"https:\/\/patinoarulmures.ro\/hu\/","name":"Maros M\u0171j\u00e9gp\u00e1lya","description":"Patinoarul Mure\u0219 | Maros m\u0171j\u00e9gp\u00e1lya","potentialAction":[{"@type":"SearchAction","target":{"@type":"EntryPoint","urlTemplate":"https:\/\/patinoarulmures.ro\/hu\/?s={search_term_string}"},"query-input":{"@type":"PropertyValueSpecification","valueRequired":true,"valueName":"search_term_string"}}],"inLanguage":"hu"},{"@type":"Person","@id":"https:\/\/patinoarulmures.ro\/hu\/#\/schema\/person\/1993bf379397fcdf86ce389a0a515b37","name":"K\u00e1d\u00e1r Zolt\u00e1n","image":{"@type":"ImageObject","inLanguage":"hu","@id":"https:\/\/secure.gravatar.com\/avatar\/ea350905cf95ab02691142855e6624a5dfd9c10b9bfcd5ac868d9255ba888831?s=96&d=mm&r=g","url":"https:\/\/secure.gravatar.com\/avatar\/ea350905cf95ab02691142855e6624a5dfd9c10b9bfcd5ac868d9255ba888831?s=96&d=mm&r=g","contentUrl":"https:\/\/secure.gravatar.com\/avatar\/ea350905cf95ab02691142855e6624a5dfd9c10b9bfcd5ac868d9255ba888831?s=96&d=mm&r=g","caption":"K\u00e1d\u00e1r Zolt\u00e1n"},"sameAs":["http:\/\/zkadar"],"url":"https:\/\/patinoarulmures.ro\/hu\/author\/zkadar\/"}]}},"_links":{"self":[{"href":"https:\/\/patinoarulmures.ro\/hu\/wp-json\/wp\/v2\/posts\/1838","targetHints":{"allow":["GET"]}}],"collection":[{"href":"https:\/\/patinoarulmures.ro\/hu\/wp-json\/wp\/v2\/posts"}],"about":[{"href":"https:\/\/patinoarulmures.ro\/hu\/wp-json\/wp\/v2\/types\/post"}],"author":[{"embeddable":true,"href":"https:\/\/patinoarulmures.ro\/hu\/wp-json\/wp\/v2\/users\/2"}],"replies":[{"embeddable":true,"href":"https:\/\/patinoarulmures.ro\/hu\/wp-json\/wp\/v2\/comments?post=1838"}],"version-history":[{"count":2,"href":"https:\/\/patinoarulmures.ro\/hu\/wp-json\/wp\/v2\/posts\/1838\/revisions"}],"predecessor-version":[{"id":1922,"href":"https:\/\/patinoarulmures.ro\/hu\/wp-json\/wp\/v2\/posts\/1838\/revisions\/1922"}],"wp:featuredmedia":[{"embeddable":true,"href":"https:\/\/patinoarulmures.ro\/hu\/wp-json\/wp\/v2\/media\/1834"}],"wp:attachment":[{"href":"https:\/\/patinoarulmures.ro\/hu\/wp-json\/wp\/v2\/media?parent=1838"}],"wp:term":[{"taxonomy":"category","embeddable":true,"href":"https:\/\/patinoarulmures.ro\/hu\/wp-json\/wp\/v2\/categories?post=1838"},{"taxonomy":"post_tag","embeddable":true,"href":"https:\/\/patinoarulmures.ro\/hu\/wp-json\/wp\/v2\/tags?post=1838"}],"curies":[{"name":"wp","href":"https:\/\/api.w.org\/{rel}","templated":true}]}}