{"id":1592,"date":"2023-11-03T19:27:06","date_gmt":"2023-11-03T17:27:06","guid":{"rendered":"https:\/\/patinoarulmures.ro\/?p=1592"},"modified":"2023-11-03T19:33:39","modified_gmt":"2023-11-03T17:33:39","slug":"u15-vereseg-az-elso-idegenbeli-szereplesen","status":"publish","type":"post","link":"https:\/\/patinoarulmures.ro\/hu\/u15-vereseg-az-elso-idegenbeli-szereplesen\/","title":{"rendered":"U15: veres\u00e9g az els\u0151 idegenbeli szerepl\u00e9sen"},"content":{"rendered":"\n<p><\/p>\n\n\n\n<p>Lej\u00e1tszotta az els\u0151 idegenbeli m\u00e9rk\u0151z\u00e9s\u00e9t az U15-\u00f6s csapatunk.<\/p>\n\n\n\n<p>\u201eK\u00e9sve\u201d sz\u00e1lltunk bele a p\u00e1rharcba \u2013 legal\u00e1bbis \u00edgy l\u00e1tta az egy\u00fcttest ir\u00e1ny\u00edt\u00f3 <strong>V\u00e1k\u00e1r Lajos<\/strong> edz\u0151nk.<\/p>\n\n\n\n<p>Eredm\u00e9ny<\/p>\n\n\n\n<h5 class=\"wp-block-heading\">HC Bik\u00e1k K\u00e9zdiv\u00e1s\u00e1rhely-Marosv\u00e1s\u00e1rhelyi VSK&nbsp; 12-4<\/h5>\n\n\n\n<p>G\u00f3lszerz\u0151k: <strong><em>Bal\u00e1zs-B\u00e9csi Hunor 2X, Bal\u00e1zs-B\u00e9csi Tam\u00e1s, Balizs Bence<\/em><\/strong><\/p>\n\n\n\n<blockquote class=\"wp-block-quote is-layout-flow wp-block-quote-is-layout-flow\">\n<p><strong><em>\u201cSajnos nem \u00fagy siker\u00fclt a tal\u00e1lkoz\u00f3, ahogy eltervezt\u00fck. A hozz\u00e1\u00e1ll\u00e1ssal nagyon nem voltam ma megel\u00e9gedve, f\u00e9l v\u00e1llr\u00f3l vett\u00e9k a sr\u00e1cok ezt a meccset, \u00e9s meg is lett a \u201egy\u00fcm\u00f6lcse\u201d.\u201d<\/em><\/strong><\/p>\n<\/blockquote>\n\n\n\n<p>A m\u00e1sodik harmadt\u00f3l kezd\u0151d\u0151en viszont m\u00e1r voltak sz\u00e9p megmozdul\u00e1sok, de a sr\u00e1coknak r\u00e1 kell j\u00f6nni\u00fck, hogy nem 20 perc ut\u00e1n kezd\u0151dik egy m\u00e9rk\u0151z\u00e9s.<\/p>\n\n\n\n<blockquote class=\"wp-block-quote is-layout-flow wp-block-quote-is-layout-flow\">\n<p><strong><em>\u201eM\u00e9g a szezon elej\u00e9n vagyunk, m\u00e9g mindig l\u00e1tszik a j\u00e9g \u00e9s meccshi\u00e1ny, de lassan-lassan beler\u00e1z\u00f3dunk mi is. Sok tanuls\u00e1ggal b\u00edrt ez a mai m\u00e9rk\u0151z\u00e9s, f\u0151leg abb\u00f3l szempontb\u00f3l, hogy komolyan kell venni minden \u00f6sszecsap\u00e1st, al\u00e1zatosnak kell maradni \u00e9s f\u00f3kusz\u00e1lni kell a meccsek el\u0151tt az \u00f6lt\u00f6z\u0151ben. Aminek k\u00fcl\u00f6n \u00f6r\u00fcl\u00f6k, hogy megszerezt\u00fck az els\u0151 g\u00f3ljainkat a bajnoks\u00e1gban, rem\u00e9lj\u00fck ezut\u00e1n m\u00e9g t\u00f6bb lesz bel\u0151l\u00fck.\u201d<\/em><\/strong> \u2013 tette hozz\u00e1 V\u00e1k\u00e1r Lajos edz\u0151nk.<\/p>\n<\/blockquote>\n\n\n\n<p><strong>Fel a fejjel! Tanulni kell a kudarcb\u00f3l, \u00e9s sokat edzeni, \u00fagy lesz eredm\u00e9ny is!<\/strong><\/p>\n","protected":false},"excerpt":{"rendered":"<p>Lej\u00e1tszotta az els\u0151 idegenbeli m\u00e9rk\u0151z\u00e9s\u00e9t az U15-\u00f6s csapatunk. \u201eK\u00e9sve\u201d sz\u00e1lltunk bele a p\u00e1rharcba \u2013 legal\u00e1bbis \u00edgy l\u00e1tta az egy\u00fcttest ir\u00e1ny\u00edt\u00f3 V\u00e1k\u00e1r Lajos edz\u0151nk. Eredm\u00e9ny HC Bik\u00e1k K\u00e9zdiv\u00e1s\u00e1rhely-Marosv\u00e1s\u00e1rhelyi VSK&nbsp; 12-4 G\u00f3lszerz\u0151k: Bal\u00e1zs-B\u00e9csi Hunor 2X, Bal\u00e1zs-B\u00e9csi Tam\u00e1s, Balizs Bence \u201cSajnos nem \u00fagy siker\u00fclt a tal\u00e1lkoz\u00f3, ahogy eltervezt\u00fck. A hozz\u00e1\u00e1ll\u00e1ssal nagyon nem voltam ma megel\u00e9gedve, f\u00e9l v\u00e1llr\u00f3l vett\u00e9k a sr\u00e1cok ezt a meccset,&hellip;<\/p>\n","protected":false},"author":2,"featured_media":1597,"comment_status":"closed","ping_status":"open","sticky":false,"template":"","format":"standard","meta":{"_monsterinsights_skip_tracking":false,"_monsterinsights_sitenote_active":false,"_monsterinsights_sitenote_note":"","_monsterinsights_sitenote_category":0,"footnotes":""},"categories":[15],"tags":[],"class_list":["post-1592","post","type-post","status-publish","format-standard","has-post-thumbnail","hentry","category-hirek"],"yoast_head":"<!-- This site is optimized with the Yoast SEO plugin v27.4 - https:\/\/yoast.com\/product\/yoast-seo-wordpress\/ -->\n<title>U15: veres\u00e9g az els\u0151 idegenbeli szerepl\u00e9sen - Maros M\u0171j\u00e9gp\u00e1lya<\/title>\n<meta name=\"robots\" content=\"index, follow, max-snippet:-1, max-image-preview:large, max-video-preview:-1\" \/>\n<link rel=\"canonical\" href=\"https:\/\/patinoarulmures.ro\/hu\/u15-vereseg-az-elso-idegenbeli-szereplesen\/\" \/>\n<meta property=\"og:locale\" content=\"hu_HU\" \/>\n<meta property=\"og:type\" content=\"article\" \/>\n<meta property=\"og:title\" content=\"U15: veres\u00e9g az els\u0151 idegenbeli szerepl\u00e9sen - Maros M\u0171j\u00e9gp\u00e1lya\" \/>\n<meta property=\"og:description\" content=\"Lej\u00e1tszotta az els\u0151 idegenbeli m\u00e9rk\u0151z\u00e9s\u00e9t az U15-\u00f6s csapatunk. \u201eK\u00e9sve\u201d sz\u00e1lltunk bele a p\u00e1rharcba \u2013 legal\u00e1bbis \u00edgy l\u00e1tta az egy\u00fcttest ir\u00e1ny\u00edt\u00f3 V\u00e1k\u00e1r Lajos edz\u0151nk. Eredm\u00e9ny HC Bik\u00e1k K\u00e9zdiv\u00e1s\u00e1rhely-Marosv\u00e1s\u00e1rhelyi VSK&nbsp; 12-4 G\u00f3lszerz\u0151k: Bal\u00e1zs-B\u00e9csi Hunor 2X, Bal\u00e1zs-B\u00e9csi Tam\u00e1s, Balizs Bence \u201cSajnos nem \u00fagy siker\u00fclt a tal\u00e1lkoz\u00f3, ahogy eltervezt\u00fck. A hozz\u00e1\u00e1ll\u00e1ssal nagyon nem voltam ma megel\u00e9gedve, f\u00e9l v\u00e1llr\u00f3l vett\u00e9k a sr\u00e1cok ezt a meccset,&hellip;\" \/>\n<meta property=\"og:url\" content=\"https:\/\/patinoarulmures.ro\/hu\/u15-vereseg-az-elso-idegenbeli-szereplesen\/\" \/>\n<meta property=\"og:site_name\" content=\"Maros M\u0171j\u00e9gp\u00e1lya\" \/>\n<meta property=\"article:publisher\" content=\"https:\/\/www.facebook.com\/szjamaros\" \/>\n<meta property=\"article:published_time\" content=\"2023-11-03T17:27:06+00:00\" \/>\n<meta property=\"article:modified_time\" content=\"2023-11-03T17:33:39+00:00\" \/>\n<meta property=\"og:image\" content=\"https:\/\/patinoarulmures.ro\/wp-content\/uploads\/2023\/11\/395825553_843047240900300_9144573205525697303_n_01.jpg\" \/>\n\t<meta property=\"og:image:width\" content=\"1920\" \/>\n\t<meta property=\"og:image:height\" content=\"1080\" \/>\n\t<meta property=\"og:image:type\" content=\"image\/jpeg\" \/>\n<meta name=\"author\" content=\"K\u00e1d\u00e1r Zolt\u00e1n\" \/>\n<meta name=\"twitter:card\" content=\"summary_large_image\" \/>\n<meta name=\"twitter:label1\" content=\"Szerz\u0151:\" \/>\n\t<meta name=\"twitter:data1\" content=\"K\u00e1d\u00e1r Zolt\u00e1n\" \/>\n\t<meta name=\"twitter:label2\" content=\"Becs\u00fclt olvas\u00e1si id\u0151\" \/>\n\t<meta name=\"twitter:data2\" content=\"1 perc\" \/>\n<script type=\"application\/ld+json\" class=\"yoast-schema-graph\">{\"@context\":\"https:\\\/\\\/schema.org\",\"@graph\":[{\"@type\":\"Article\",\"@id\":\"https:\\\/\\\/patinoarulmures.ro\\\/hu\\\/u15-vereseg-az-elso-idegenbeli-szereplesen\\\/#article\",\"isPartOf\":{\"@id\":\"https:\\\/\\\/patinoarulmures.ro\\\/hu\\\/u15-vereseg-az-elso-idegenbeli-szereplesen\\\/\"},\"author\":{\"name\":\"K\u00e1d\u00e1r Zolt\u00e1n\",\"@id\":\"https:\\\/\\\/patinoarulmures.ro\\\/hu\\\/#\\\/schema\\\/person\\\/1993bf379397fcdf86ce389a0a515b37\"},\"headline\":\"U15: veres\u00e9g az els\u0151 idegenbeli szerepl\u00e9sen\",\"datePublished\":\"2023-11-03T17:27:06+00:00\",\"dateModified\":\"2023-11-03T17:33:39+00:00\",\"mainEntityOfPage\":{\"@id\":\"https:\\\/\\\/patinoarulmures.ro\\\/hu\\\/u15-vereseg-az-elso-idegenbeli-szereplesen\\\/\"},\"wordCount\":277,\"image\":{\"@id\":\"https:\\\/\\\/patinoarulmures.ro\\\/hu\\\/u15-vereseg-az-elso-idegenbeli-szereplesen\\\/#primaryimage\"},\"thumbnailUrl\":\"https:\\\/\\\/patinoarulmures.ro\\\/wp-content\\\/uploads\\\/2023\\\/11\\\/395825553_843047240900300_9144573205525697303_n_01.jpg\",\"articleSection\":[\"H\u00edrek\"],\"inLanguage\":\"hu\"},{\"@type\":\"WebPage\",\"@id\":\"https:\\\/\\\/patinoarulmures.ro\\\/hu\\\/u15-vereseg-az-elso-idegenbeli-szereplesen\\\/\",\"url\":\"https:\\\/\\\/patinoarulmures.ro\\\/hu\\\/u15-vereseg-az-elso-idegenbeli-szereplesen\\\/\",\"name\":\"U15: veres\u00e9g az els\u0151 idegenbeli szerepl\u00e9sen - Maros M\u0171j\u00e9gp\u00e1lya\",\"isPartOf\":{\"@id\":\"https:\\\/\\\/patinoarulmures.ro\\\/hu\\\/#website\"},\"primaryImageOfPage\":{\"@id\":\"https:\\\/\\\/patinoarulmures.ro\\\/hu\\\/u15-vereseg-az-elso-idegenbeli-szereplesen\\\/#primaryimage\"},\"image\":{\"@id\":\"https:\\\/\\\/patinoarulmures.ro\\\/hu\\\/u15-vereseg-az-elso-idegenbeli-szereplesen\\\/#primaryimage\"},\"thumbnailUrl\":\"https:\\\/\\\/patinoarulmures.ro\\\/wp-content\\\/uploads\\\/2023\\\/11\\\/395825553_843047240900300_9144573205525697303_n_01.jpg\",\"datePublished\":\"2023-11-03T17:27:06+00:00\",\"dateModified\":\"2023-11-03T17:33:39+00:00\",\"author\":{\"@id\":\"https:\\\/\\\/patinoarulmures.ro\\\/hu\\\/#\\\/schema\\\/person\\\/1993bf379397fcdf86ce389a0a515b37\"},\"breadcrumb\":{\"@id\":\"https:\\\/\\\/patinoarulmures.ro\\\/hu\\\/u15-vereseg-az-elso-idegenbeli-szereplesen\\\/#breadcrumb\"},\"inLanguage\":\"hu\",\"potentialAction\":[{\"@type\":\"ReadAction\",\"target\":[\"https:\\\/\\\/patinoarulmures.ro\\\/hu\\\/u15-vereseg-az-elso-idegenbeli-szereplesen\\\/\"]}]},{\"@type\":\"ImageObject\",\"inLanguage\":\"hu\",\"@id\":\"https:\\\/\\\/patinoarulmures.ro\\\/hu\\\/u15-vereseg-az-elso-idegenbeli-szereplesen\\\/#primaryimage\",\"url\":\"https:\\\/\\\/patinoarulmures.ro\\\/wp-content\\\/uploads\\\/2023\\\/11\\\/395825553_843047240900300_9144573205525697303_n_01.jpg\",\"contentUrl\":\"https:\\\/\\\/patinoarulmures.ro\\\/wp-content\\\/uploads\\\/2023\\\/11\\\/395825553_843047240900300_9144573205525697303_n_01.jpg\",\"width\":1920,\"height\":1080},{\"@type\":\"BreadcrumbList\",\"@id\":\"https:\\\/\\\/patinoarulmures.ro\\\/hu\\\/u15-vereseg-az-elso-idegenbeli-szereplesen\\\/#breadcrumb\",\"itemListElement\":[{\"@type\":\"ListItem\",\"position\":1,\"name\":\"Prima pagin\u0103\",\"item\":\"https:\\\/\\\/patinoarulmures.ro\\\/hu\\\/\"},{\"@type\":\"ListItem\",\"position\":2,\"name\":\"U15: veres\u00e9g az els\u0151 idegenbeli szerepl\u00e9sen\"}]},{\"@type\":\"WebSite\",\"@id\":\"https:\\\/\\\/patinoarulmures.ro\\\/hu\\\/#website\",\"url\":\"https:\\\/\\\/patinoarulmures.ro\\\/hu\\\/\",\"name\":\"Maros M\u0171j\u00e9gp\u00e1lya\",\"description\":\"Patinoarul Mure\u0219 | Maros m\u0171j\u00e9gp\u00e1lya\",\"potentialAction\":[{\"@type\":\"SearchAction\",\"target\":{\"@type\":\"EntryPoint\",\"urlTemplate\":\"https:\\\/\\\/patinoarulmures.ro\\\/hu\\\/?s={search_term_string}\"},\"query-input\":{\"@type\":\"PropertyValueSpecification\",\"valueRequired\":true,\"valueName\":\"search_term_string\"}}],\"inLanguage\":\"hu\"},{\"@type\":\"Person\",\"@id\":\"https:\\\/\\\/patinoarulmures.ro\\\/hu\\\/#\\\/schema\\\/person\\\/1993bf379397fcdf86ce389a0a515b37\",\"name\":\"K\u00e1d\u00e1r Zolt\u00e1n\",\"image\":{\"@type\":\"ImageObject\",\"inLanguage\":\"hu\",\"@id\":\"https:\\\/\\\/secure.gravatar.com\\\/avatar\\\/ea350905cf95ab02691142855e6624a5dfd9c10b9bfcd5ac868d9255ba888831?s=96&d=mm&r=g\",\"url\":\"https:\\\/\\\/secure.gravatar.com\\\/avatar\\\/ea350905cf95ab02691142855e6624a5dfd9c10b9bfcd5ac868d9255ba888831?s=96&d=mm&r=g\",\"contentUrl\":\"https:\\\/\\\/secure.gravatar.com\\\/avatar\\\/ea350905cf95ab02691142855e6624a5dfd9c10b9bfcd5ac868d9255ba888831?s=96&d=mm&r=g\",\"caption\":\"K\u00e1d\u00e1r Zolt\u00e1n\"},\"sameAs\":[\"http:\\\/\\\/zkadar\"],\"url\":\"https:\\\/\\\/patinoarulmures.ro\\\/hu\\\/author\\\/zkadar\\\/\"}]}<\/script>\n<!-- \/ Yoast SEO plugin. -->","yoast_head_json":{"title":"U15: veres\u00e9g az els\u0151 idegenbeli szerepl\u00e9sen - Maros M\u0171j\u00e9gp\u00e1lya","robots":{"index":"index","follow":"follow","max-snippet":"max-snippet:-1","max-image-preview":"max-image-preview:large","max-video-preview":"max-video-preview:-1"},"canonical":"https:\/\/patinoarulmures.ro\/hu\/u15-vereseg-az-elso-idegenbeli-szereplesen\/","og_locale":"hu_HU","og_type":"article","og_title":"U15: veres\u00e9g az els\u0151 idegenbeli szerepl\u00e9sen - Maros M\u0171j\u00e9gp\u00e1lya","og_description":"Lej\u00e1tszotta az els\u0151 idegenbeli m\u00e9rk\u0151z\u00e9s\u00e9t az U15-\u00f6s csapatunk. \u201eK\u00e9sve\u201d sz\u00e1lltunk bele a p\u00e1rharcba \u2013 legal\u00e1bbis \u00edgy l\u00e1tta az egy\u00fcttest ir\u00e1ny\u00edt\u00f3 V\u00e1k\u00e1r Lajos edz\u0151nk. Eredm\u00e9ny HC Bik\u00e1k K\u00e9zdiv\u00e1s\u00e1rhely-Marosv\u00e1s\u00e1rhelyi VSK&nbsp; 12-4 G\u00f3lszerz\u0151k: Bal\u00e1zs-B\u00e9csi Hunor 2X, Bal\u00e1zs-B\u00e9csi Tam\u00e1s, Balizs Bence \u201cSajnos nem \u00fagy siker\u00fclt a tal\u00e1lkoz\u00f3, ahogy eltervezt\u00fck. A hozz\u00e1\u00e1ll\u00e1ssal nagyon nem voltam ma megel\u00e9gedve, f\u00e9l v\u00e1llr\u00f3l vett\u00e9k a sr\u00e1cok ezt a meccset,&hellip;","og_url":"https:\/\/patinoarulmures.ro\/hu\/u15-vereseg-az-elso-idegenbeli-szereplesen\/","og_site_name":"Maros M\u0171j\u00e9gp\u00e1lya","article_publisher":"https:\/\/www.facebook.com\/szjamaros","article_published_time":"2023-11-03T17:27:06+00:00","article_modified_time":"2023-11-03T17:33:39+00:00","og_image":[{"width":1920,"height":1080,"url":"https:\/\/patinoarulmures.ro\/wp-content\/uploads\/2023\/11\/395825553_843047240900300_9144573205525697303_n_01.jpg","type":"image\/jpeg"}],"author":"K\u00e1d\u00e1r Zolt\u00e1n","twitter_card":"summary_large_image","twitter_misc":{"Szerz\u0151:":"K\u00e1d\u00e1r Zolt\u00e1n","Becs\u00fclt olvas\u00e1si id\u0151":"1 perc"},"schema":{"@context":"https:\/\/schema.org","@graph":[{"@type":"Article","@id":"https:\/\/patinoarulmures.ro\/hu\/u15-vereseg-az-elso-idegenbeli-szereplesen\/#article","isPartOf":{"@id":"https:\/\/patinoarulmures.ro\/hu\/u15-vereseg-az-elso-idegenbeli-szereplesen\/"},"author":{"name":"K\u00e1d\u00e1r Zolt\u00e1n","@id":"https:\/\/patinoarulmures.ro\/hu\/#\/schema\/person\/1993bf379397fcdf86ce389a0a515b37"},"headline":"U15: veres\u00e9g az els\u0151 idegenbeli szerepl\u00e9sen","datePublished":"2023-11-03T17:27:06+00:00","dateModified":"2023-11-03T17:33:39+00:00","mainEntityOfPage":{"@id":"https:\/\/patinoarulmures.ro\/hu\/u15-vereseg-az-elso-idegenbeli-szereplesen\/"},"wordCount":277,"image":{"@id":"https:\/\/patinoarulmures.ro\/hu\/u15-vereseg-az-elso-idegenbeli-szereplesen\/#primaryimage"},"thumbnailUrl":"https:\/\/patinoarulmures.ro\/wp-content\/uploads\/2023\/11\/395825553_843047240900300_9144573205525697303_n_01.jpg","articleSection":["H\u00edrek"],"inLanguage":"hu"},{"@type":"WebPage","@id":"https:\/\/patinoarulmures.ro\/hu\/u15-vereseg-az-elso-idegenbeli-szereplesen\/","url":"https:\/\/patinoarulmures.ro\/hu\/u15-vereseg-az-elso-idegenbeli-szereplesen\/","name":"U15: veres\u00e9g az els\u0151 idegenbeli szerepl\u00e9sen - Maros M\u0171j\u00e9gp\u00e1lya","isPartOf":{"@id":"https:\/\/patinoarulmures.ro\/hu\/#website"},"primaryImageOfPage":{"@id":"https:\/\/patinoarulmures.ro\/hu\/u15-vereseg-az-elso-idegenbeli-szereplesen\/#primaryimage"},"image":{"@id":"https:\/\/patinoarulmures.ro\/hu\/u15-vereseg-az-elso-idegenbeli-szereplesen\/#primaryimage"},"thumbnailUrl":"https:\/\/patinoarulmures.ro\/wp-content\/uploads\/2023\/11\/395825553_843047240900300_9144573205525697303_n_01.jpg","datePublished":"2023-11-03T17:27:06+00:00","dateModified":"2023-11-03T17:33:39+00:00","author":{"@id":"https:\/\/patinoarulmures.ro\/hu\/#\/schema\/person\/1993bf379397fcdf86ce389a0a515b37"},"breadcrumb":{"@id":"https:\/\/patinoarulmures.ro\/hu\/u15-vereseg-az-elso-idegenbeli-szereplesen\/#breadcrumb"},"inLanguage":"hu","potentialAction":[{"@type":"ReadAction","target":["https:\/\/patinoarulmures.ro\/hu\/u15-vereseg-az-elso-idegenbeli-szereplesen\/"]}]},{"@type":"ImageObject","inLanguage":"hu","@id":"https:\/\/patinoarulmures.ro\/hu\/u15-vereseg-az-elso-idegenbeli-szereplesen\/#primaryimage","url":"https:\/\/patinoarulmures.ro\/wp-content\/uploads\/2023\/11\/395825553_843047240900300_9144573205525697303_n_01.jpg","contentUrl":"https:\/\/patinoarulmures.ro\/wp-content\/uploads\/2023\/11\/395825553_843047240900300_9144573205525697303_n_01.jpg","width":1920,"height":1080},{"@type":"BreadcrumbList","@id":"https:\/\/patinoarulmures.ro\/hu\/u15-vereseg-az-elso-idegenbeli-szereplesen\/#breadcrumb","itemListElement":[{"@type":"ListItem","position":1,"name":"Prima pagin\u0103","item":"https:\/\/patinoarulmures.ro\/hu\/"},{"@type":"ListItem","position":2,"name":"U15: veres\u00e9g az els\u0151 idegenbeli szerepl\u00e9sen"}]},{"@type":"WebSite","@id":"https:\/\/patinoarulmures.ro\/hu\/#website","url":"https:\/\/patinoarulmures.ro\/hu\/","name":"Maros M\u0171j\u00e9gp\u00e1lya","description":"Patinoarul Mure\u0219 | Maros m\u0171j\u00e9gp\u00e1lya","potentialAction":[{"@type":"SearchAction","target":{"@type":"EntryPoint","urlTemplate":"https:\/\/patinoarulmures.ro\/hu\/?s={search_term_string}"},"query-input":{"@type":"PropertyValueSpecification","valueRequired":true,"valueName":"search_term_string"}}],"inLanguage":"hu"},{"@type":"Person","@id":"https:\/\/patinoarulmures.ro\/hu\/#\/schema\/person\/1993bf379397fcdf86ce389a0a515b37","name":"K\u00e1d\u00e1r Zolt\u00e1n","image":{"@type":"ImageObject","inLanguage":"hu","@id":"https:\/\/secure.gravatar.com\/avatar\/ea350905cf95ab02691142855e6624a5dfd9c10b9bfcd5ac868d9255ba888831?s=96&d=mm&r=g","url":"https:\/\/secure.gravatar.com\/avatar\/ea350905cf95ab02691142855e6624a5dfd9c10b9bfcd5ac868d9255ba888831?s=96&d=mm&r=g","contentUrl":"https:\/\/secure.gravatar.com\/avatar\/ea350905cf95ab02691142855e6624a5dfd9c10b9bfcd5ac868d9255ba888831?s=96&d=mm&r=g","caption":"K\u00e1d\u00e1r Zolt\u00e1n"},"sameAs":["http:\/\/zkadar"],"url":"https:\/\/patinoarulmures.ro\/hu\/author\/zkadar\/"}]}},"_links":{"self":[{"href":"https:\/\/patinoarulmures.ro\/hu\/wp-json\/wp\/v2\/posts\/1592","targetHints":{"allow":["GET"]}}],"collection":[{"href":"https:\/\/patinoarulmures.ro\/hu\/wp-json\/wp\/v2\/posts"}],"about":[{"href":"https:\/\/patinoarulmures.ro\/hu\/wp-json\/wp\/v2\/types\/post"}],"author":[{"embeddable":true,"href":"https:\/\/patinoarulmures.ro\/hu\/wp-json\/wp\/v2\/users\/2"}],"replies":[{"embeddable":true,"href":"https:\/\/patinoarulmures.ro\/hu\/wp-json\/wp\/v2\/comments?post=1592"}],"version-history":[{"count":3,"href":"https:\/\/patinoarulmures.ro\/hu\/wp-json\/wp\/v2\/posts\/1592\/revisions"}],"predecessor-version":[{"id":1596,"href":"https:\/\/patinoarulmures.ro\/hu\/wp-json\/wp\/v2\/posts\/1592\/revisions\/1596"}],"wp:featuredmedia":[{"embeddable":true,"href":"https:\/\/patinoarulmures.ro\/hu\/wp-json\/wp\/v2\/media\/1597"}],"wp:attachment":[{"href":"https:\/\/patinoarulmures.ro\/hu\/wp-json\/wp\/v2\/media?parent=1592"}],"wp:term":[{"taxonomy":"category","embeddable":true,"href":"https:\/\/patinoarulmures.ro\/hu\/wp-json\/wp\/v2\/categories?post=1592"},{"taxonomy":"post_tag","embeddable":true,"href":"https:\/\/patinoarulmures.ro\/hu\/wp-json\/wp\/v2\/tags?post=1592"}],"curies":[{"name":"wp","href":"https:\/\/api.w.org\/{rel}","templated":true}]}}