{"id":1373,"date":"2023-02-21T13:48:55","date_gmt":"2023-02-21T11:48:55","guid":{"rendered":"https:\/\/patinoarulmures.ro\/?p=1373"},"modified":"2023-02-21T13:50:40","modified_gmt":"2023-02-21T11:50:40","slug":"u14-nem-adtuk-fel-nyertunk","status":"publish","type":"post","link":"https:\/\/patinoarulmures.ro\/hu\/u14-nem-adtuk-fel-nyertunk\/","title":{"rendered":"U14: Nem adtuk fel, nyert\u00fcnk!"},"content":{"rendered":"\n<p><\/p>\n\n\n\n<h4 class=\"wp-block-heading\">H\u00e1romsz\u00e9k \u201cB\u201d- VSK Marosv\u00e1s\u00e1rhely&nbsp;&nbsp; 4-5<\/h4>\n\n\n\n<p>G\u00f3lszerz\u0151k: <strong><em>Bal\u00e1zs Botond 3X, Bal\u00e1zs-B\u00e9csi Tam\u00e1s 2X<\/em><\/strong><\/p>\n\n\n\n<p>Sok pozit\u00edv hozad\u00e9ka volt a m\u00e9rk\u0151z\u00e9snek\u2026<\/p>\n\n\n\n<p>Tal\u00e1n mondhatni a szezon eddigi legki\u00e9lezettebb m\u00e9rk\u0151z\u00e9s\u00e9t j\u00e1tszodtuk \u2013 jegyezte meg a csapatot ir\u00e1ny\u00edt\u00f3 V\u00e1k\u00e1r Lajos edz\u0151nk.<\/p>\n\n\n\n<p>Rengeteget l\u0151tt\u00fcnk kapura, de a liga egyik legjobb kapus\u00e1nak nem egyszer\u0171 t\u00falj\u00e1rni az esz\u00e9n. De a fi\u00fak a nagy h\u00e1tr\u00e1ny ellen\u00e9re is v\u00e9gig k\u00fczd\u00f6ttek \u00e9s 8 perc alatt l\u0151ttek 4 g\u00f3lt, \u00edgy mi \u00f6r\u00fclhett\u00fcnk a v\u00e9g\u00e9n. Ez a meccs is bizony\u00edtja, hogy a v\u00e9gs\u0151 dudasz\u00f3ig kell hajtani, mert b\u00e1rmi megt\u00f6rt\u00e9nhet.<\/p>\n\n\n\n<p><strong>V\u00e1k\u00e1r Lajos:<\/strong><\/p>\n\n\n\n<blockquote class=\"wp-block-quote is-layout-flow wp-block-quote-is-layout-flow\">\n<p><strong><em>-\u201eK\u00fcl\u00f6n \u00f6r\u00f6m sz\u00e1munkra, hogy bemutatkozott h\u00e1rom U12-es j\u00e1t\u00e9kos, akiket pr\u00f3b\u00e1lunk m\u00e1r felk\u00e9sz\u00edteni a k\u00f6vetkez\u0151 szezonra \u00e9s akik meg\u00e1llt\u00e1k a hely\u00fcket a mai m\u00e9rk\u0151z\u00e9sen, illetve meg szeretn\u00e9m eml\u00edteni Bal\u00e1zs Botondot, aki megszerezte \u00e9lete els\u0151 mesterh\u00e1rmas\u00e1t!\u201d<\/em><\/strong><\/p>\n<\/blockquote>\n\n\n\n<p><strong>Sz\u00e9p volt fi\u00fak!<\/strong><\/p>\n","protected":false},"excerpt":{"rendered":"<p>H\u00e1romsz\u00e9k \u201cB\u201d- VSK Marosv\u00e1s\u00e1rhely&nbsp;&nbsp; 4-5 G\u00f3lszerz\u0151k: Bal\u00e1zs Botond 3X, Bal\u00e1zs-B\u00e9csi Tam\u00e1s 2X Sok pozit\u00edv hozad\u00e9ka volt a m\u00e9rk\u0151z\u00e9snek\u2026 Tal\u00e1n mondhatni a szezon eddigi legki\u00e9lezettebb m\u00e9rk\u0151z\u00e9s\u00e9t j\u00e1tszodtuk \u2013 jegyezte meg a csapatot ir\u00e1ny\u00edt\u00f3 V\u00e1k\u00e1r Lajos edz\u0151nk. Rengeteget l\u0151tt\u00fcnk kapura, de a liga egyik legjobb kapus\u00e1nak nem egyszer\u0171 t\u00falj\u00e1rni az esz\u00e9n. De a fi\u00fak a nagy h\u00e1tr\u00e1ny ellen\u00e9re is v\u00e9gig k\u00fczd\u00f6ttek \u00e9s&hellip;<\/p>\n","protected":false},"author":2,"featured_media":1370,"comment_status":"closed","ping_status":"open","sticky":false,"template":"","format":"standard","meta":{"_monsterinsights_skip_tracking":false,"_monsterinsights_sitenote_active":false,"_monsterinsights_sitenote_note":"","_monsterinsights_sitenote_category":0,"footnotes":""},"categories":[15],"tags":[],"class_list":["post-1373","post","type-post","status-publish","format-standard","has-post-thumbnail","hentry","category-hirek"],"yoast_head":"<!-- This site is optimized with the Yoast SEO plugin v27.4 - https:\/\/yoast.com\/product\/yoast-seo-wordpress\/ -->\n<title>U14: Nem adtuk fel, nyert\u00fcnk! - Maros M\u0171j\u00e9gp\u00e1lya<\/title>\n<meta name=\"robots\" content=\"index, follow, max-snippet:-1, max-image-preview:large, max-video-preview:-1\" \/>\n<link rel=\"canonical\" href=\"https:\/\/patinoarulmures.ro\/hu\/u14-nem-adtuk-fel-nyertunk\/\" \/>\n<meta property=\"og:locale\" content=\"hu_HU\" \/>\n<meta property=\"og:type\" content=\"article\" \/>\n<meta property=\"og:title\" content=\"U14: Nem adtuk fel, nyert\u00fcnk! - Maros M\u0171j\u00e9gp\u00e1lya\" \/>\n<meta property=\"og:description\" content=\"H\u00e1romsz\u00e9k \u201cB\u201d- VSK Marosv\u00e1s\u00e1rhely&nbsp;&nbsp; 4-5 G\u00f3lszerz\u0151k: Bal\u00e1zs Botond 3X, Bal\u00e1zs-B\u00e9csi Tam\u00e1s 2X Sok pozit\u00edv hozad\u00e9ka volt a m\u00e9rk\u0151z\u00e9snek\u2026 Tal\u00e1n mondhatni a szezon eddigi legki\u00e9lezettebb m\u00e9rk\u0151z\u00e9s\u00e9t j\u00e1tszodtuk \u2013 jegyezte meg a csapatot ir\u00e1ny\u00edt\u00f3 V\u00e1k\u00e1r Lajos edz\u0151nk. Rengeteget l\u0151tt\u00fcnk kapura, de a liga egyik legjobb kapus\u00e1nak nem egyszer\u0171 t\u00falj\u00e1rni az esz\u00e9n. De a fi\u00fak a nagy h\u00e1tr\u00e1ny ellen\u00e9re is v\u00e9gig k\u00fczd\u00f6ttek \u00e9s&hellip;\" \/>\n<meta property=\"og:url\" content=\"https:\/\/patinoarulmures.ro\/hu\/u14-nem-adtuk-fel-nyertunk\/\" \/>\n<meta property=\"og:site_name\" content=\"Maros M\u0171j\u00e9gp\u00e1lya\" \/>\n<meta property=\"article:publisher\" content=\"https:\/\/www.facebook.com\/szjamaros\" \/>\n<meta property=\"article:published_time\" content=\"2023-02-21T11:48:55+00:00\" \/>\n<meta property=\"article:modified_time\" content=\"2023-02-21T11:50:40+00:00\" \/>\n<meta property=\"og:image\" content=\"https:\/\/patinoarulmures.ro\/wp-content\/uploads\/2023\/02\/U14-Haromszek_VSK_eredmeny_febr20.jpg\" \/>\n\t<meta property=\"og:image:width\" content=\"1920\" \/>\n\t<meta property=\"og:image:height\" content=\"1080\" \/>\n\t<meta property=\"og:image:type\" content=\"image\/jpeg\" \/>\n<meta name=\"author\" content=\"K\u00e1d\u00e1r Zolt\u00e1n\" \/>\n<meta name=\"twitter:card\" content=\"summary_large_image\" \/>\n<meta name=\"twitter:label1\" content=\"Szerz\u0151:\" \/>\n\t<meta name=\"twitter:data1\" content=\"K\u00e1d\u00e1r Zolt\u00e1n\" \/>\n\t<meta name=\"twitter:label2\" content=\"Becs\u00fclt olvas\u00e1si id\u0151\" \/>\n\t<meta name=\"twitter:data2\" content=\"1 perc\" \/>\n<script type=\"application\/ld+json\" class=\"yoast-schema-graph\">{\"@context\":\"https:\\\/\\\/schema.org\",\"@graph\":[{\"@type\":\"Article\",\"@id\":\"https:\\\/\\\/patinoarulmures.ro\\\/hu\\\/u14-nem-adtuk-fel-nyertunk\\\/#article\",\"isPartOf\":{\"@id\":\"https:\\\/\\\/patinoarulmures.ro\\\/hu\\\/u14-nem-adtuk-fel-nyertunk\\\/\"},\"author\":{\"name\":\"K\u00e1d\u00e1r Zolt\u00e1n\",\"@id\":\"https:\\\/\\\/patinoarulmures.ro\\\/hu\\\/#\\\/schema\\\/person\\\/1993bf379397fcdf86ce389a0a515b37\"},\"headline\":\"U14: Nem adtuk fel, nyert\u00fcnk!\",\"datePublished\":\"2023-02-21T11:48:55+00:00\",\"dateModified\":\"2023-02-21T11:50:40+00:00\",\"mainEntityOfPage\":{\"@id\":\"https:\\\/\\\/patinoarulmures.ro\\\/hu\\\/u14-nem-adtuk-fel-nyertunk\\\/\"},\"wordCount\":212,\"image\":{\"@id\":\"https:\\\/\\\/patinoarulmures.ro\\\/hu\\\/u14-nem-adtuk-fel-nyertunk\\\/#primaryimage\"},\"thumbnailUrl\":\"https:\\\/\\\/patinoarulmures.ro\\\/wp-content\\\/uploads\\\/2023\\\/02\\\/U14-Haromszek_VSK_eredmeny_febr20.jpg\",\"articleSection\":[\"H\u00edrek\"],\"inLanguage\":\"hu\"},{\"@type\":\"WebPage\",\"@id\":\"https:\\\/\\\/patinoarulmures.ro\\\/hu\\\/u14-nem-adtuk-fel-nyertunk\\\/\",\"url\":\"https:\\\/\\\/patinoarulmures.ro\\\/hu\\\/u14-nem-adtuk-fel-nyertunk\\\/\",\"name\":\"U14: Nem adtuk fel, nyert\u00fcnk! - Maros M\u0171j\u00e9gp\u00e1lya\",\"isPartOf\":{\"@id\":\"https:\\\/\\\/patinoarulmures.ro\\\/hu\\\/#website\"},\"primaryImageOfPage\":{\"@id\":\"https:\\\/\\\/patinoarulmures.ro\\\/hu\\\/u14-nem-adtuk-fel-nyertunk\\\/#primaryimage\"},\"image\":{\"@id\":\"https:\\\/\\\/patinoarulmures.ro\\\/hu\\\/u14-nem-adtuk-fel-nyertunk\\\/#primaryimage\"},\"thumbnailUrl\":\"https:\\\/\\\/patinoarulmures.ro\\\/wp-content\\\/uploads\\\/2023\\\/02\\\/U14-Haromszek_VSK_eredmeny_febr20.jpg\",\"datePublished\":\"2023-02-21T11:48:55+00:00\",\"dateModified\":\"2023-02-21T11:50:40+00:00\",\"author\":{\"@id\":\"https:\\\/\\\/patinoarulmures.ro\\\/hu\\\/#\\\/schema\\\/person\\\/1993bf379397fcdf86ce389a0a515b37\"},\"breadcrumb\":{\"@id\":\"https:\\\/\\\/patinoarulmures.ro\\\/hu\\\/u14-nem-adtuk-fel-nyertunk\\\/#breadcrumb\"},\"inLanguage\":\"hu\",\"potentialAction\":[{\"@type\":\"ReadAction\",\"target\":[\"https:\\\/\\\/patinoarulmures.ro\\\/hu\\\/u14-nem-adtuk-fel-nyertunk\\\/\"]}]},{\"@type\":\"ImageObject\",\"inLanguage\":\"hu\",\"@id\":\"https:\\\/\\\/patinoarulmures.ro\\\/hu\\\/u14-nem-adtuk-fel-nyertunk\\\/#primaryimage\",\"url\":\"https:\\\/\\\/patinoarulmures.ro\\\/wp-content\\\/uploads\\\/2023\\\/02\\\/U14-Haromszek_VSK_eredmeny_febr20.jpg\",\"contentUrl\":\"https:\\\/\\\/patinoarulmures.ro\\\/wp-content\\\/uploads\\\/2023\\\/02\\\/U14-Haromszek_VSK_eredmeny_febr20.jpg\",\"width\":1920,\"height\":1080},{\"@type\":\"BreadcrumbList\",\"@id\":\"https:\\\/\\\/patinoarulmures.ro\\\/hu\\\/u14-nem-adtuk-fel-nyertunk\\\/#breadcrumb\",\"itemListElement\":[{\"@type\":\"ListItem\",\"position\":1,\"name\":\"Prima pagin\u0103\",\"item\":\"https:\\\/\\\/patinoarulmures.ro\\\/hu\\\/\"},{\"@type\":\"ListItem\",\"position\":2,\"name\":\"U14: Nem adtuk fel, nyert\u00fcnk!\"}]},{\"@type\":\"WebSite\",\"@id\":\"https:\\\/\\\/patinoarulmures.ro\\\/hu\\\/#website\",\"url\":\"https:\\\/\\\/patinoarulmures.ro\\\/hu\\\/\",\"name\":\"Maros M\u0171j\u00e9gp\u00e1lya\",\"description\":\"Patinoarul Mure\u0219 | Maros m\u0171j\u00e9gp\u00e1lya\",\"potentialAction\":[{\"@type\":\"SearchAction\",\"target\":{\"@type\":\"EntryPoint\",\"urlTemplate\":\"https:\\\/\\\/patinoarulmures.ro\\\/hu\\\/?s={search_term_string}\"},\"query-input\":{\"@type\":\"PropertyValueSpecification\",\"valueRequired\":true,\"valueName\":\"search_term_string\"}}],\"inLanguage\":\"hu\"},{\"@type\":\"Person\",\"@id\":\"https:\\\/\\\/patinoarulmures.ro\\\/hu\\\/#\\\/schema\\\/person\\\/1993bf379397fcdf86ce389a0a515b37\",\"name\":\"K\u00e1d\u00e1r Zolt\u00e1n\",\"image\":{\"@type\":\"ImageObject\",\"inLanguage\":\"hu\",\"@id\":\"https:\\\/\\\/secure.gravatar.com\\\/avatar\\\/ea350905cf95ab02691142855e6624a5dfd9c10b9bfcd5ac868d9255ba888831?s=96&d=mm&r=g\",\"url\":\"https:\\\/\\\/secure.gravatar.com\\\/avatar\\\/ea350905cf95ab02691142855e6624a5dfd9c10b9bfcd5ac868d9255ba888831?s=96&d=mm&r=g\",\"contentUrl\":\"https:\\\/\\\/secure.gravatar.com\\\/avatar\\\/ea350905cf95ab02691142855e6624a5dfd9c10b9bfcd5ac868d9255ba888831?s=96&d=mm&r=g\",\"caption\":\"K\u00e1d\u00e1r Zolt\u00e1n\"},\"sameAs\":[\"http:\\\/\\\/zkadar\"],\"url\":\"https:\\\/\\\/patinoarulmures.ro\\\/hu\\\/author\\\/zkadar\\\/\"}]}<\/script>\n<!-- \/ Yoast SEO plugin. -->","yoast_head_json":{"title":"U14: Nem adtuk fel, nyert\u00fcnk! - Maros M\u0171j\u00e9gp\u00e1lya","robots":{"index":"index","follow":"follow","max-snippet":"max-snippet:-1","max-image-preview":"max-image-preview:large","max-video-preview":"max-video-preview:-1"},"canonical":"https:\/\/patinoarulmures.ro\/hu\/u14-nem-adtuk-fel-nyertunk\/","og_locale":"hu_HU","og_type":"article","og_title":"U14: Nem adtuk fel, nyert\u00fcnk! - Maros M\u0171j\u00e9gp\u00e1lya","og_description":"H\u00e1romsz\u00e9k \u201cB\u201d- VSK Marosv\u00e1s\u00e1rhely&nbsp;&nbsp; 4-5 G\u00f3lszerz\u0151k: Bal\u00e1zs Botond 3X, Bal\u00e1zs-B\u00e9csi Tam\u00e1s 2X Sok pozit\u00edv hozad\u00e9ka volt a m\u00e9rk\u0151z\u00e9snek\u2026 Tal\u00e1n mondhatni a szezon eddigi legki\u00e9lezettebb m\u00e9rk\u0151z\u00e9s\u00e9t j\u00e1tszodtuk \u2013 jegyezte meg a csapatot ir\u00e1ny\u00edt\u00f3 V\u00e1k\u00e1r Lajos edz\u0151nk. Rengeteget l\u0151tt\u00fcnk kapura, de a liga egyik legjobb kapus\u00e1nak nem egyszer\u0171 t\u00falj\u00e1rni az esz\u00e9n. De a fi\u00fak a nagy h\u00e1tr\u00e1ny ellen\u00e9re is v\u00e9gig k\u00fczd\u00f6ttek \u00e9s&hellip;","og_url":"https:\/\/patinoarulmures.ro\/hu\/u14-nem-adtuk-fel-nyertunk\/","og_site_name":"Maros M\u0171j\u00e9gp\u00e1lya","article_publisher":"https:\/\/www.facebook.com\/szjamaros","article_published_time":"2023-02-21T11:48:55+00:00","article_modified_time":"2023-02-21T11:50:40+00:00","og_image":[{"width":1920,"height":1080,"url":"https:\/\/patinoarulmures.ro\/wp-content\/uploads\/2023\/02\/U14-Haromszek_VSK_eredmeny_febr20.jpg","type":"image\/jpeg"}],"author":"K\u00e1d\u00e1r Zolt\u00e1n","twitter_card":"summary_large_image","twitter_misc":{"Szerz\u0151:":"K\u00e1d\u00e1r Zolt\u00e1n","Becs\u00fclt olvas\u00e1si id\u0151":"1 perc"},"schema":{"@context":"https:\/\/schema.org","@graph":[{"@type":"Article","@id":"https:\/\/patinoarulmures.ro\/hu\/u14-nem-adtuk-fel-nyertunk\/#article","isPartOf":{"@id":"https:\/\/patinoarulmures.ro\/hu\/u14-nem-adtuk-fel-nyertunk\/"},"author":{"name":"K\u00e1d\u00e1r Zolt\u00e1n","@id":"https:\/\/patinoarulmures.ro\/hu\/#\/schema\/person\/1993bf379397fcdf86ce389a0a515b37"},"headline":"U14: Nem adtuk fel, nyert\u00fcnk!","datePublished":"2023-02-21T11:48:55+00:00","dateModified":"2023-02-21T11:50:40+00:00","mainEntityOfPage":{"@id":"https:\/\/patinoarulmures.ro\/hu\/u14-nem-adtuk-fel-nyertunk\/"},"wordCount":212,"image":{"@id":"https:\/\/patinoarulmures.ro\/hu\/u14-nem-adtuk-fel-nyertunk\/#primaryimage"},"thumbnailUrl":"https:\/\/patinoarulmures.ro\/wp-content\/uploads\/2023\/02\/U14-Haromszek_VSK_eredmeny_febr20.jpg","articleSection":["H\u00edrek"],"inLanguage":"hu"},{"@type":"WebPage","@id":"https:\/\/patinoarulmures.ro\/hu\/u14-nem-adtuk-fel-nyertunk\/","url":"https:\/\/patinoarulmures.ro\/hu\/u14-nem-adtuk-fel-nyertunk\/","name":"U14: Nem adtuk fel, nyert\u00fcnk! - Maros M\u0171j\u00e9gp\u00e1lya","isPartOf":{"@id":"https:\/\/patinoarulmures.ro\/hu\/#website"},"primaryImageOfPage":{"@id":"https:\/\/patinoarulmures.ro\/hu\/u14-nem-adtuk-fel-nyertunk\/#primaryimage"},"image":{"@id":"https:\/\/patinoarulmures.ro\/hu\/u14-nem-adtuk-fel-nyertunk\/#primaryimage"},"thumbnailUrl":"https:\/\/patinoarulmures.ro\/wp-content\/uploads\/2023\/02\/U14-Haromszek_VSK_eredmeny_febr20.jpg","datePublished":"2023-02-21T11:48:55+00:00","dateModified":"2023-02-21T11:50:40+00:00","author":{"@id":"https:\/\/patinoarulmures.ro\/hu\/#\/schema\/person\/1993bf379397fcdf86ce389a0a515b37"},"breadcrumb":{"@id":"https:\/\/patinoarulmures.ro\/hu\/u14-nem-adtuk-fel-nyertunk\/#breadcrumb"},"inLanguage":"hu","potentialAction":[{"@type":"ReadAction","target":["https:\/\/patinoarulmures.ro\/hu\/u14-nem-adtuk-fel-nyertunk\/"]}]},{"@type":"ImageObject","inLanguage":"hu","@id":"https:\/\/patinoarulmures.ro\/hu\/u14-nem-adtuk-fel-nyertunk\/#primaryimage","url":"https:\/\/patinoarulmures.ro\/wp-content\/uploads\/2023\/02\/U14-Haromszek_VSK_eredmeny_febr20.jpg","contentUrl":"https:\/\/patinoarulmures.ro\/wp-content\/uploads\/2023\/02\/U14-Haromszek_VSK_eredmeny_febr20.jpg","width":1920,"height":1080},{"@type":"BreadcrumbList","@id":"https:\/\/patinoarulmures.ro\/hu\/u14-nem-adtuk-fel-nyertunk\/#breadcrumb","itemListElement":[{"@type":"ListItem","position":1,"name":"Prima pagin\u0103","item":"https:\/\/patinoarulmures.ro\/hu\/"},{"@type":"ListItem","position":2,"name":"U14: Nem adtuk fel, nyert\u00fcnk!"}]},{"@type":"WebSite","@id":"https:\/\/patinoarulmures.ro\/hu\/#website","url":"https:\/\/patinoarulmures.ro\/hu\/","name":"Maros M\u0171j\u00e9gp\u00e1lya","description":"Patinoarul Mure\u0219 | Maros m\u0171j\u00e9gp\u00e1lya","potentialAction":[{"@type":"SearchAction","target":{"@type":"EntryPoint","urlTemplate":"https:\/\/patinoarulmures.ro\/hu\/?s={search_term_string}"},"query-input":{"@type":"PropertyValueSpecification","valueRequired":true,"valueName":"search_term_string"}}],"inLanguage":"hu"},{"@type":"Person","@id":"https:\/\/patinoarulmures.ro\/hu\/#\/schema\/person\/1993bf379397fcdf86ce389a0a515b37","name":"K\u00e1d\u00e1r Zolt\u00e1n","image":{"@type":"ImageObject","inLanguage":"hu","@id":"https:\/\/secure.gravatar.com\/avatar\/ea350905cf95ab02691142855e6624a5dfd9c10b9bfcd5ac868d9255ba888831?s=96&d=mm&r=g","url":"https:\/\/secure.gravatar.com\/avatar\/ea350905cf95ab02691142855e6624a5dfd9c10b9bfcd5ac868d9255ba888831?s=96&d=mm&r=g","contentUrl":"https:\/\/secure.gravatar.com\/avatar\/ea350905cf95ab02691142855e6624a5dfd9c10b9bfcd5ac868d9255ba888831?s=96&d=mm&r=g","caption":"K\u00e1d\u00e1r Zolt\u00e1n"},"sameAs":["http:\/\/zkadar"],"url":"https:\/\/patinoarulmures.ro\/hu\/author\/zkadar\/"}]}},"_links":{"self":[{"href":"https:\/\/patinoarulmures.ro\/hu\/wp-json\/wp\/v2\/posts\/1373","targetHints":{"allow":["GET"]}}],"collection":[{"href":"https:\/\/patinoarulmures.ro\/hu\/wp-json\/wp\/v2\/posts"}],"about":[{"href":"https:\/\/patinoarulmures.ro\/hu\/wp-json\/wp\/v2\/types\/post"}],"author":[{"embeddable":true,"href":"https:\/\/patinoarulmures.ro\/hu\/wp-json\/wp\/v2\/users\/2"}],"replies":[{"embeddable":true,"href":"https:\/\/patinoarulmures.ro\/hu\/wp-json\/wp\/v2\/comments?post=1373"}],"version-history":[{"count":1,"href":"https:\/\/patinoarulmures.ro\/hu\/wp-json\/wp\/v2\/posts\/1373\/revisions"}],"predecessor-version":[{"id":1374,"href":"https:\/\/patinoarulmures.ro\/hu\/wp-json\/wp\/v2\/posts\/1373\/revisions\/1374"}],"wp:featuredmedia":[{"embeddable":true,"href":"https:\/\/patinoarulmures.ro\/hu\/wp-json\/wp\/v2\/media\/1370"}],"wp:attachment":[{"href":"https:\/\/patinoarulmures.ro\/hu\/wp-json\/wp\/v2\/media?parent=1373"}],"wp:term":[{"taxonomy":"category","embeddable":true,"href":"https:\/\/patinoarulmures.ro\/hu\/wp-json\/wp\/v2\/categories?post=1373"},{"taxonomy":"post_tag","embeddable":true,"href":"https:\/\/patinoarulmures.ro\/hu\/wp-json\/wp\/v2\/tags?post=1373"}],"curies":[{"name":"wp","href":"https:\/\/api.w.org\/{rel}","templated":true}]}}