{"id":1094,"date":"2023-01-20T10:54:24","date_gmt":"2023-01-20T08:54:24","guid":{"rendered":"https:\/\/patinoarulmures.ro\/?p=1094"},"modified":"2023-01-20T10:54:26","modified_gmt":"2023-01-20T08:54:26","slug":"u14-megvan-az-ideny-elso-veresege","status":"publish","type":"post","link":"https:\/\/patinoarulmures.ro\/hu\/u14-megvan-az-ideny-elso-veresege\/","title":{"rendered":"U14: Megvan az id\u00e9ny els\u0151 veres\u00e9ge\u2026"},"content":{"rendered":"\n<p><\/p>\n\n\n\n<h4 class=\"wp-block-heading\">Egy szorosnak mondhat\u00f3 meccsen maradtunk v\u00e9g\u00fcl alul. <\/h4>\n\n\n\n<p>Egy nagyon j\u00f3 csapat ellen j\u00e1tszottunk, \u00e9s el\u00e9g j\u00f3l tartottuk a l\u00e9p\u00e9st vel\u00fck a meccs k\u00f6zep\u00e9ig, azt\u00e1n valami megt\u00f6rt, val\u00f3sz\u00edn\u0171leg kij\u00f6tt a meccsrutin-beli k\u00fcl\u00f6nbs\u00e9g, illetve azok a plusz \u00e9vek a j\u00e9gen \u2013 \u00e9rt\u00e9kelt az U14-es csapatunk edz\u0151je, V\u00e1k\u00e1r Lajos.<\/p>\n\n\n\n<blockquote class=\"wp-block-quote is-layout-flow wp-block-quote-is-layout-flow\">\n<p><strong><em>&#8211; \u201eNem szabad elfelejteni, hogy m\u00e9g mindig egy fiatal egyes\u00fclet vagyunk, nagyon az elej\u00e9n. Nem szabad \u00e9s egyel\u0151re nem is szeretn\u00e9nk magunkat olyan gyerekekhez hasonl\u00edtgatni, akik m\u00e1r 5-6 \u00e9ve j\u00e9gen vannak. \u00d6sszess\u00e9g\u00e9ben nincs semmi gond, m\u00e9g 8 m\u00e9rk\u0151z\u00e9s\u00fcnk van h\u00e1tra a bajnoks\u00e1gb\u00f3l, megpr\u00f3b\u00e1lunk meccsr\u0151l meccsre jobbak lenni!\u201d<\/em><\/strong><\/p>\n<\/blockquote>\n\n\n\n<p>V\u00e9geredm\u00e9ny:<\/p>\n\n\n\n<h3 class=\"wp-block-heading\">VSK Marosv\u00e1s\u00e1rhely-Gyergy\u00f3szentmikl\u00f3s B&nbsp;&nbsp;&nbsp;&nbsp; 3-7<\/h3>\n\n\n\n<p>G\u00f3lszerz\u0151ink: <strong><em>Bal\u00e1zs-B\u00e9csi Tam\u00e1s 2X, Nemes Huba<\/em><\/strong><\/p>\n\n\n\n<p>Hajr\u00e1_SZJA_Maros!<\/p>\n\n\n\n<p>Hajr\u00e1 MVH VSK!<\/p>\n\n\n\n<p>Hajr\u00e1 Jegesmedv\u00e9k!<\/p>\n","protected":false},"excerpt":{"rendered":"<p>Egy szorosnak mondhat\u00f3 meccsen maradtunk v\u00e9g\u00fcl alul. Egy nagyon j\u00f3 csapat ellen j\u00e1tszottunk, \u00e9s el\u00e9g j\u00f3l tartottuk a l\u00e9p\u00e9st vel\u00fck a meccs k\u00f6zep\u00e9ig, azt\u00e1n valami megt\u00f6rt, val\u00f3sz\u00edn\u0171leg kij\u00f6tt a meccsrutin-beli k\u00fcl\u00f6nbs\u00e9g, illetve azok a plusz \u00e9vek a j\u00e9gen \u2013 \u00e9rt\u00e9kelt az U14-es csapatunk edz\u0151je, V\u00e1k\u00e1r Lajos. &#8211; \u201eNem szabad elfelejteni, hogy m\u00e9g mindig egy fiatal egyes\u00fclet vagyunk, nagyon az elej\u00e9n.&hellip;<\/p>\n","protected":false},"author":2,"featured_media":1092,"comment_status":"closed","ping_status":"open","sticky":false,"template":"","format":"standard","meta":{"_monsterinsights_skip_tracking":false,"_monsterinsights_sitenote_active":false,"_monsterinsights_sitenote_note":"","_monsterinsights_sitenote_category":0,"footnotes":""},"categories":[15],"tags":[],"class_list":["post-1094","post","type-post","status-publish","format-standard","has-post-thumbnail","hentry","category-hirek"],"yoast_head":"<!-- This site is optimized with the Yoast SEO plugin v27.4 - https:\/\/yoast.com\/product\/yoast-seo-wordpress\/ -->\n<title>U14: Megvan az id\u00e9ny els\u0151 veres\u00e9ge\u2026 - Maros M\u0171j\u00e9gp\u00e1lya<\/title>\n<meta name=\"robots\" content=\"index, follow, max-snippet:-1, max-image-preview:large, max-video-preview:-1\" \/>\n<link rel=\"canonical\" href=\"https:\/\/patinoarulmures.ro\/hu\/u14-megvan-az-ideny-elso-veresege\/\" \/>\n<meta property=\"og:locale\" content=\"hu_HU\" \/>\n<meta property=\"og:type\" content=\"article\" \/>\n<meta property=\"og:title\" content=\"U14: Megvan az id\u00e9ny els\u0151 veres\u00e9ge\u2026 - Maros M\u0171j\u00e9gp\u00e1lya\" \/>\n<meta property=\"og:description\" content=\"Egy szorosnak mondhat\u00f3 meccsen maradtunk v\u00e9g\u00fcl alul. Egy nagyon j\u00f3 csapat ellen j\u00e1tszottunk, \u00e9s el\u00e9g j\u00f3l tartottuk a l\u00e9p\u00e9st vel\u00fck a meccs k\u00f6zep\u00e9ig, azt\u00e1n valami megt\u00f6rt, val\u00f3sz\u00edn\u0171leg kij\u00f6tt a meccsrutin-beli k\u00fcl\u00f6nbs\u00e9g, illetve azok a plusz \u00e9vek a j\u00e9gen \u2013 \u00e9rt\u00e9kelt az U14-es csapatunk edz\u0151je, V\u00e1k\u00e1r Lajos. &#8211; \u201eNem szabad elfelejteni, hogy m\u00e9g mindig egy fiatal egyes\u00fclet vagyunk, nagyon az elej\u00e9n.&hellip;\" \/>\n<meta property=\"og:url\" content=\"https:\/\/patinoarulmures.ro\/hu\/u14-megvan-az-ideny-elso-veresege\/\" \/>\n<meta property=\"og:site_name\" content=\"Maros M\u0171j\u00e9gp\u00e1lya\" \/>\n<meta property=\"article:publisher\" content=\"https:\/\/www.facebook.com\/szjamaros\" \/>\n<meta property=\"article:published_time\" content=\"2023-01-20T08:54:24+00:00\" \/>\n<meta property=\"article:modified_time\" content=\"2023-01-20T08:54:26+00:00\" \/>\n<meta property=\"og:image\" content=\"https:\/\/patinoarulmures.ro\/wp-content\/uploads\/2023\/01\/U14-meccs-eredmeny-jan-19.jpg\" \/>\n\t<meta property=\"og:image:width\" content=\"1920\" \/>\n\t<meta property=\"og:image:height\" content=\"1080\" \/>\n\t<meta property=\"og:image:type\" content=\"image\/jpeg\" \/>\n<meta name=\"author\" content=\"K\u00e1d\u00e1r Zolt\u00e1n\" \/>\n<meta name=\"twitter:card\" content=\"summary_large_image\" \/>\n<meta name=\"twitter:label1\" content=\"Szerz\u0151:\" \/>\n\t<meta name=\"twitter:data1\" content=\"K\u00e1d\u00e1r Zolt\u00e1n\" \/>\n\t<meta name=\"twitter:label2\" content=\"Becs\u00fclt olvas\u00e1si id\u0151\" \/>\n\t<meta name=\"twitter:data2\" content=\"1 perc\" \/>\n<script type=\"application\/ld+json\" class=\"yoast-schema-graph\">{\"@context\":\"https:\\\/\\\/schema.org\",\"@graph\":[{\"@type\":\"Article\",\"@id\":\"https:\\\/\\\/patinoarulmures.ro\\\/hu\\\/u14-megvan-az-ideny-elso-veresege\\\/#article\",\"isPartOf\":{\"@id\":\"https:\\\/\\\/patinoarulmures.ro\\\/hu\\\/u14-megvan-az-ideny-elso-veresege\\\/\"},\"author\":{\"name\":\"K\u00e1d\u00e1r Zolt\u00e1n\",\"@id\":\"https:\\\/\\\/patinoarulmures.ro\\\/hu\\\/#\\\/schema\\\/person\\\/1993bf379397fcdf86ce389a0a515b37\"},\"headline\":\"U14: Megvan az id\u00e9ny els\u0151 veres\u00e9ge\u2026\",\"datePublished\":\"2023-01-20T08:54:24+00:00\",\"dateModified\":\"2023-01-20T08:54:26+00:00\",\"mainEntityOfPage\":{\"@id\":\"https:\\\/\\\/patinoarulmures.ro\\\/hu\\\/u14-megvan-az-ideny-elso-veresege\\\/\"},\"wordCount\":180,\"image\":{\"@id\":\"https:\\\/\\\/patinoarulmures.ro\\\/hu\\\/u14-megvan-az-ideny-elso-veresege\\\/#primaryimage\"},\"thumbnailUrl\":\"https:\\\/\\\/patinoarulmures.ro\\\/wp-content\\\/uploads\\\/2023\\\/01\\\/U14-meccs-eredmeny-jan-19.jpg\",\"articleSection\":[\"H\u00edrek\"],\"inLanguage\":\"hu\"},{\"@type\":\"WebPage\",\"@id\":\"https:\\\/\\\/patinoarulmures.ro\\\/hu\\\/u14-megvan-az-ideny-elso-veresege\\\/\",\"url\":\"https:\\\/\\\/patinoarulmures.ro\\\/hu\\\/u14-megvan-az-ideny-elso-veresege\\\/\",\"name\":\"U14: Megvan az id\u00e9ny els\u0151 veres\u00e9ge\u2026 - Maros M\u0171j\u00e9gp\u00e1lya\",\"isPartOf\":{\"@id\":\"https:\\\/\\\/patinoarulmures.ro\\\/hu\\\/#website\"},\"primaryImageOfPage\":{\"@id\":\"https:\\\/\\\/patinoarulmures.ro\\\/hu\\\/u14-megvan-az-ideny-elso-veresege\\\/#primaryimage\"},\"image\":{\"@id\":\"https:\\\/\\\/patinoarulmures.ro\\\/hu\\\/u14-megvan-az-ideny-elso-veresege\\\/#primaryimage\"},\"thumbnailUrl\":\"https:\\\/\\\/patinoarulmures.ro\\\/wp-content\\\/uploads\\\/2023\\\/01\\\/U14-meccs-eredmeny-jan-19.jpg\",\"datePublished\":\"2023-01-20T08:54:24+00:00\",\"dateModified\":\"2023-01-20T08:54:26+00:00\",\"author\":{\"@id\":\"https:\\\/\\\/patinoarulmures.ro\\\/hu\\\/#\\\/schema\\\/person\\\/1993bf379397fcdf86ce389a0a515b37\"},\"breadcrumb\":{\"@id\":\"https:\\\/\\\/patinoarulmures.ro\\\/hu\\\/u14-megvan-az-ideny-elso-veresege\\\/#breadcrumb\"},\"inLanguage\":\"hu\",\"potentialAction\":[{\"@type\":\"ReadAction\",\"target\":[\"https:\\\/\\\/patinoarulmures.ro\\\/hu\\\/u14-megvan-az-ideny-elso-veresege\\\/\"]}]},{\"@type\":\"ImageObject\",\"inLanguage\":\"hu\",\"@id\":\"https:\\\/\\\/patinoarulmures.ro\\\/hu\\\/u14-megvan-az-ideny-elso-veresege\\\/#primaryimage\",\"url\":\"https:\\\/\\\/patinoarulmures.ro\\\/wp-content\\\/uploads\\\/2023\\\/01\\\/U14-meccs-eredmeny-jan-19.jpg\",\"contentUrl\":\"https:\\\/\\\/patinoarulmures.ro\\\/wp-content\\\/uploads\\\/2023\\\/01\\\/U14-meccs-eredmeny-jan-19.jpg\",\"width\":1920,\"height\":1080},{\"@type\":\"BreadcrumbList\",\"@id\":\"https:\\\/\\\/patinoarulmures.ro\\\/hu\\\/u14-megvan-az-ideny-elso-veresege\\\/#breadcrumb\",\"itemListElement\":[{\"@type\":\"ListItem\",\"position\":1,\"name\":\"Prima pagin\u0103\",\"item\":\"https:\\\/\\\/patinoarulmures.ro\\\/hu\\\/\"},{\"@type\":\"ListItem\",\"position\":2,\"name\":\"U14: Megvan az id\u00e9ny els\u0151 veres\u00e9ge\u2026\"}]},{\"@type\":\"WebSite\",\"@id\":\"https:\\\/\\\/patinoarulmures.ro\\\/hu\\\/#website\",\"url\":\"https:\\\/\\\/patinoarulmures.ro\\\/hu\\\/\",\"name\":\"Maros M\u0171j\u00e9gp\u00e1lya\",\"description\":\"Patinoarul Mure\u0219 | Maros m\u0171j\u00e9gp\u00e1lya\",\"potentialAction\":[{\"@type\":\"SearchAction\",\"target\":{\"@type\":\"EntryPoint\",\"urlTemplate\":\"https:\\\/\\\/patinoarulmures.ro\\\/hu\\\/?s={search_term_string}\"},\"query-input\":{\"@type\":\"PropertyValueSpecification\",\"valueRequired\":true,\"valueName\":\"search_term_string\"}}],\"inLanguage\":\"hu\"},{\"@type\":\"Person\",\"@id\":\"https:\\\/\\\/patinoarulmures.ro\\\/hu\\\/#\\\/schema\\\/person\\\/1993bf379397fcdf86ce389a0a515b37\",\"name\":\"K\u00e1d\u00e1r Zolt\u00e1n\",\"image\":{\"@type\":\"ImageObject\",\"inLanguage\":\"hu\",\"@id\":\"https:\\\/\\\/secure.gravatar.com\\\/avatar\\\/ea350905cf95ab02691142855e6624a5dfd9c10b9bfcd5ac868d9255ba888831?s=96&d=mm&r=g\",\"url\":\"https:\\\/\\\/secure.gravatar.com\\\/avatar\\\/ea350905cf95ab02691142855e6624a5dfd9c10b9bfcd5ac868d9255ba888831?s=96&d=mm&r=g\",\"contentUrl\":\"https:\\\/\\\/secure.gravatar.com\\\/avatar\\\/ea350905cf95ab02691142855e6624a5dfd9c10b9bfcd5ac868d9255ba888831?s=96&d=mm&r=g\",\"caption\":\"K\u00e1d\u00e1r Zolt\u00e1n\"},\"sameAs\":[\"http:\\\/\\\/zkadar\"],\"url\":\"https:\\\/\\\/patinoarulmures.ro\\\/hu\\\/author\\\/zkadar\\\/\"}]}<\/script>\n<!-- \/ Yoast SEO plugin. -->","yoast_head_json":{"title":"U14: Megvan az id\u00e9ny els\u0151 veres\u00e9ge\u2026 - Maros M\u0171j\u00e9gp\u00e1lya","robots":{"index":"index","follow":"follow","max-snippet":"max-snippet:-1","max-image-preview":"max-image-preview:large","max-video-preview":"max-video-preview:-1"},"canonical":"https:\/\/patinoarulmures.ro\/hu\/u14-megvan-az-ideny-elso-veresege\/","og_locale":"hu_HU","og_type":"article","og_title":"U14: Megvan az id\u00e9ny els\u0151 veres\u00e9ge\u2026 - Maros M\u0171j\u00e9gp\u00e1lya","og_description":"Egy szorosnak mondhat\u00f3 meccsen maradtunk v\u00e9g\u00fcl alul. Egy nagyon j\u00f3 csapat ellen j\u00e1tszottunk, \u00e9s el\u00e9g j\u00f3l tartottuk a l\u00e9p\u00e9st vel\u00fck a meccs k\u00f6zep\u00e9ig, azt\u00e1n valami megt\u00f6rt, val\u00f3sz\u00edn\u0171leg kij\u00f6tt a meccsrutin-beli k\u00fcl\u00f6nbs\u00e9g, illetve azok a plusz \u00e9vek a j\u00e9gen \u2013 \u00e9rt\u00e9kelt az U14-es csapatunk edz\u0151je, V\u00e1k\u00e1r Lajos. &#8211; \u201eNem szabad elfelejteni, hogy m\u00e9g mindig egy fiatal egyes\u00fclet vagyunk, nagyon az elej\u00e9n.&hellip;","og_url":"https:\/\/patinoarulmures.ro\/hu\/u14-megvan-az-ideny-elso-veresege\/","og_site_name":"Maros M\u0171j\u00e9gp\u00e1lya","article_publisher":"https:\/\/www.facebook.com\/szjamaros","article_published_time":"2023-01-20T08:54:24+00:00","article_modified_time":"2023-01-20T08:54:26+00:00","og_image":[{"width":1920,"height":1080,"url":"https:\/\/patinoarulmures.ro\/wp-content\/uploads\/2023\/01\/U14-meccs-eredmeny-jan-19.jpg","type":"image\/jpeg"}],"author":"K\u00e1d\u00e1r Zolt\u00e1n","twitter_card":"summary_large_image","twitter_misc":{"Szerz\u0151:":"K\u00e1d\u00e1r Zolt\u00e1n","Becs\u00fclt olvas\u00e1si id\u0151":"1 perc"},"schema":{"@context":"https:\/\/schema.org","@graph":[{"@type":"Article","@id":"https:\/\/patinoarulmures.ro\/hu\/u14-megvan-az-ideny-elso-veresege\/#article","isPartOf":{"@id":"https:\/\/patinoarulmures.ro\/hu\/u14-megvan-az-ideny-elso-veresege\/"},"author":{"name":"K\u00e1d\u00e1r Zolt\u00e1n","@id":"https:\/\/patinoarulmures.ro\/hu\/#\/schema\/person\/1993bf379397fcdf86ce389a0a515b37"},"headline":"U14: Megvan az id\u00e9ny els\u0151 veres\u00e9ge\u2026","datePublished":"2023-01-20T08:54:24+00:00","dateModified":"2023-01-20T08:54:26+00:00","mainEntityOfPage":{"@id":"https:\/\/patinoarulmures.ro\/hu\/u14-megvan-az-ideny-elso-veresege\/"},"wordCount":180,"image":{"@id":"https:\/\/patinoarulmures.ro\/hu\/u14-megvan-az-ideny-elso-veresege\/#primaryimage"},"thumbnailUrl":"https:\/\/patinoarulmures.ro\/wp-content\/uploads\/2023\/01\/U14-meccs-eredmeny-jan-19.jpg","articleSection":["H\u00edrek"],"inLanguage":"hu"},{"@type":"WebPage","@id":"https:\/\/patinoarulmures.ro\/hu\/u14-megvan-az-ideny-elso-veresege\/","url":"https:\/\/patinoarulmures.ro\/hu\/u14-megvan-az-ideny-elso-veresege\/","name":"U14: Megvan az id\u00e9ny els\u0151 veres\u00e9ge\u2026 - Maros M\u0171j\u00e9gp\u00e1lya","isPartOf":{"@id":"https:\/\/patinoarulmures.ro\/hu\/#website"},"primaryImageOfPage":{"@id":"https:\/\/patinoarulmures.ro\/hu\/u14-megvan-az-ideny-elso-veresege\/#primaryimage"},"image":{"@id":"https:\/\/patinoarulmures.ro\/hu\/u14-megvan-az-ideny-elso-veresege\/#primaryimage"},"thumbnailUrl":"https:\/\/patinoarulmures.ro\/wp-content\/uploads\/2023\/01\/U14-meccs-eredmeny-jan-19.jpg","datePublished":"2023-01-20T08:54:24+00:00","dateModified":"2023-01-20T08:54:26+00:00","author":{"@id":"https:\/\/patinoarulmures.ro\/hu\/#\/schema\/person\/1993bf379397fcdf86ce389a0a515b37"},"breadcrumb":{"@id":"https:\/\/patinoarulmures.ro\/hu\/u14-megvan-az-ideny-elso-veresege\/#breadcrumb"},"inLanguage":"hu","potentialAction":[{"@type":"ReadAction","target":["https:\/\/patinoarulmures.ro\/hu\/u14-megvan-az-ideny-elso-veresege\/"]}]},{"@type":"ImageObject","inLanguage":"hu","@id":"https:\/\/patinoarulmures.ro\/hu\/u14-megvan-az-ideny-elso-veresege\/#primaryimage","url":"https:\/\/patinoarulmures.ro\/wp-content\/uploads\/2023\/01\/U14-meccs-eredmeny-jan-19.jpg","contentUrl":"https:\/\/patinoarulmures.ro\/wp-content\/uploads\/2023\/01\/U14-meccs-eredmeny-jan-19.jpg","width":1920,"height":1080},{"@type":"BreadcrumbList","@id":"https:\/\/patinoarulmures.ro\/hu\/u14-megvan-az-ideny-elso-veresege\/#breadcrumb","itemListElement":[{"@type":"ListItem","position":1,"name":"Prima pagin\u0103","item":"https:\/\/patinoarulmures.ro\/hu\/"},{"@type":"ListItem","position":2,"name":"U14: Megvan az id\u00e9ny els\u0151 veres\u00e9ge\u2026"}]},{"@type":"WebSite","@id":"https:\/\/patinoarulmures.ro\/hu\/#website","url":"https:\/\/patinoarulmures.ro\/hu\/","name":"Maros M\u0171j\u00e9gp\u00e1lya","description":"Patinoarul Mure\u0219 | Maros m\u0171j\u00e9gp\u00e1lya","potentialAction":[{"@type":"SearchAction","target":{"@type":"EntryPoint","urlTemplate":"https:\/\/patinoarulmures.ro\/hu\/?s={search_term_string}"},"query-input":{"@type":"PropertyValueSpecification","valueRequired":true,"valueName":"search_term_string"}}],"inLanguage":"hu"},{"@type":"Person","@id":"https:\/\/patinoarulmures.ro\/hu\/#\/schema\/person\/1993bf379397fcdf86ce389a0a515b37","name":"K\u00e1d\u00e1r Zolt\u00e1n","image":{"@type":"ImageObject","inLanguage":"hu","@id":"https:\/\/secure.gravatar.com\/avatar\/ea350905cf95ab02691142855e6624a5dfd9c10b9bfcd5ac868d9255ba888831?s=96&d=mm&r=g","url":"https:\/\/secure.gravatar.com\/avatar\/ea350905cf95ab02691142855e6624a5dfd9c10b9bfcd5ac868d9255ba888831?s=96&d=mm&r=g","contentUrl":"https:\/\/secure.gravatar.com\/avatar\/ea350905cf95ab02691142855e6624a5dfd9c10b9bfcd5ac868d9255ba888831?s=96&d=mm&r=g","caption":"K\u00e1d\u00e1r Zolt\u00e1n"},"sameAs":["http:\/\/zkadar"],"url":"https:\/\/patinoarulmures.ro\/hu\/author\/zkadar\/"}]}},"_links":{"self":[{"href":"https:\/\/patinoarulmures.ro\/hu\/wp-json\/wp\/v2\/posts\/1094","targetHints":{"allow":["GET"]}}],"collection":[{"href":"https:\/\/patinoarulmures.ro\/hu\/wp-json\/wp\/v2\/posts"}],"about":[{"href":"https:\/\/patinoarulmures.ro\/hu\/wp-json\/wp\/v2\/types\/post"}],"author":[{"embeddable":true,"href":"https:\/\/patinoarulmures.ro\/hu\/wp-json\/wp\/v2\/users\/2"}],"replies":[{"embeddable":true,"href":"https:\/\/patinoarulmures.ro\/hu\/wp-json\/wp\/v2\/comments?post=1094"}],"version-history":[{"count":1,"href":"https:\/\/patinoarulmures.ro\/hu\/wp-json\/wp\/v2\/posts\/1094\/revisions"}],"predecessor-version":[{"id":1095,"href":"https:\/\/patinoarulmures.ro\/hu\/wp-json\/wp\/v2\/posts\/1094\/revisions\/1095"}],"wp:featuredmedia":[{"embeddable":true,"href":"https:\/\/patinoarulmures.ro\/hu\/wp-json\/wp\/v2\/media\/1092"}],"wp:attachment":[{"href":"https:\/\/patinoarulmures.ro\/hu\/wp-json\/wp\/v2\/media?parent=1094"}],"wp:term":[{"taxonomy":"category","embeddable":true,"href":"https:\/\/patinoarulmures.ro\/hu\/wp-json\/wp\/v2\/categories?post=1094"},{"taxonomy":"post_tag","embeddable":true,"href":"https:\/\/patinoarulmures.ro\/hu\/wp-json\/wp\/v2\/tags?post=1094"}],"curies":[{"name":"wp","href":"https:\/\/api.w.org\/{rel}","templated":true}]}}